{"id":8956,"date":"2025-10-08T19:36:05","date_gmt":"2025-10-08T19:36:05","guid":{"rendered":"https:\/\/primerplanoirapuato.com\/?p=8956"},"modified":"2025-10-08T19:36:05","modified_gmt":"2025-10-08T19:36:05","slug":"aprueban-en-comision-reformas-que-fortalecen-los-derechos-de-las-personas-con-discapacidad","status":"publish","type":"post","link":"https:\/\/primerplanoirapuato.com\/index.php\/2025\/10\/08\/aprueban-en-comision-reformas-que-fortalecen-los-derechos-de-las-personas-con-discapacidad\/","title":{"rendered":"Aprueban en comisi\u00f3n reformas que fortalecen los derechos de las personas con discapacidad"},"content":{"rendered":"\n<p>Con el voto a favor de la y los diputados del PAN, la Comisi\u00f3n de Derechos Humanos y Atenci\u00f3n a Grupos Vulnerables del Congreso local aprob\u00f3 el dictamen de dos iniciativas que buscan garantizar el derecho a una pensi\u00f3n no contributiva a personas con discapacidad permanente menores de 65 a\u00f1os.<\/p>\n\n\n\n<p>Las propuestas reforman la Ley de Inclusi\u00f3n para las Personas con Discapacidad para garantizar la prestaci\u00f3n econ\u00f3mica a quienes lo requieran, sin importar si han cotizado o no en instituciones de seguridad social.<\/p>\n\n\n\n<p>La diputada Ana Mar\u00eda Esquivel Arrona dijo que el dictamen es fruto de un exhaustivo an\u00e1lisis y complementa la reforma al art\u00edculo primero de la Constituci\u00f3n Pol\u00edtica del Estado sobre la materia.<\/p>\n\n\n\n<p>Explic\u00f3 que las modificaciones pretenden ampliar y enriquecer este derecho para mejorar de forma sustancial las condiciones de vida de quienes son parte de este sector poblacional.<\/p>\n\n\n\n<p>\u201cDesde este enfoque, el derecho a vivir de forma independiente no implica crear sistemas paralelos, sino transformar los existentes para que todas las personas, sin excepci\u00f3n, puedan disfrutar de una vida digna en igualdad de condiciones\u201d, indic\u00f3.<\/p>\n\n\n\n<p>Jes\u00fas Hern\u00e1ndez, legislador de Acci\u00f3n Nacional, destac\u00f3 que la agenda en materia de discapacidad se encuentra en constante evoluci\u00f3n y debe abordarse desde un enfoque amplio, transversal y humano. \u201cLa inclusi\u00f3n debe reflejarse con mayor claridad en nuestras leyes, pol\u00edticas y programas, para que la igualdad sea una realidad tangible en la vida de cada persona\u201d, se\u00f1al\u00f3.<\/p>\n\n\n\n<p>El congresista Salvador Tovar Vargas hizo hincapi\u00e9 en que este dictamen es un paso crucial hacia la consolidaci\u00f3n de un Estado que coloca a las personas con discapacidad en el centro de sus decisiones, no debe verse como un fin en s\u00ed mismo.<\/p>\n\n\n\n<p>\u201cGarantizar la pensi\u00f3n no contributiva implica establecer mecanismos de accesibilidad integral: tr\u00e1mites simplificados, canales de atenci\u00f3n accesibles, acompa\u00f1amiento institucional y una evaluaci\u00f3n permanente del cumplimiento de las metas\u201d, expuso.<\/p>\n\n\n\n<p>A la sesi\u00f3n asistieron personas con discapacidad e instituciones p\u00fablicas, as\u00ed como representantes del Poder Ejecutivo y de la Procuradur\u00eda de los Derechos Humanos del Estado, quienes coincidieron en que la reforma fortalece la participaci\u00f3n de estas personas en la vida pol\u00edtica, social y econ\u00f3mica.<\/p>\n\n\n\n<p><\/p>\n\n\n\n<p><\/p>\n\n\n\n<p><\/p>\n\n\n\n<p><\/p>\n","protected":false},"excerpt":{"rendered":"<p>Con el voto a favor de la y los diputados del PAN, la Comisi\u00f3n de Derechos Humanos y Atenci\u00f3n a Grupos Vulnerables del Congreso local aprob\u00f3 el dictamen de dos iniciativas que buscan garantizar el derecho a una pensi\u00f3n no contributiva a personas con discapacidad permanente menores de 65 a\u00f1os. Las propuestas reforman la Ley&#8230;<\/p>\n","protected":false},"author":1,"featured_media":8957,"comment_status":"open","ping_status":"closed","sticky":false,"template":"","format":"standard","meta":{"footnotes":""},"categories":[6],"tags":[],"class_list":["post-8956","post","type-post","status-publish","format-standard","has-post-thumbnail","hentry","category-estatal"],"_links":{"self":[{"href":"https:\/\/primerplanoirapuato.com\/index.php\/wp-json\/wp\/v2\/posts\/8956","targetHints":{"allow":["GET"]}}],"collection":[{"href":"https:\/\/primerplanoirapuato.com\/index.php\/wp-json\/wp\/v2\/posts"}],"about":[{"href":"https:\/\/primerplanoirapuato.com\/index.php\/wp-json\/wp\/v2\/types\/post"}],"author":[{"embeddable":true,"href":"https:\/\/primerplanoirapuato.com\/index.php\/wp-json\/wp\/v2\/users\/1"}],"replies":[{"embeddable":true,"href":"https:\/\/primerplanoirapuato.com\/index.php\/wp-json\/wp\/v2\/comments?post=8956"}],"version-history":[{"count":1,"href":"https:\/\/primerplanoirapuato.com\/index.php\/wp-json\/wp\/v2\/posts\/8956\/revisions"}],"predecessor-version":[{"id":8958,"href":"https:\/\/primerplanoirapuato.com\/index.php\/wp-json\/wp\/v2\/posts\/8956\/revisions\/8958"}],"wp:featuredmedia":[{"embeddable":true,"href":"https:\/\/primerplanoirapuato.com\/index.php\/wp-json\/wp\/v2\/media\/8957"}],"wp:attachment":[{"href":"https:\/\/primerplanoirapuato.com\/index.php\/wp-json\/wp\/v2\/media?parent=8956"}],"wp:term":[{"taxonomy":"category","embeddable":true,"href":"https:\/\/primerplanoirapuato.com\/index.php\/wp-json\/wp\/v2\/categories?post=8956"},{"taxonomy":"post_tag","embeddable":true,"href":"https:\/\/primerplanoirapuato.com\/index.php\/wp-json\/wp\/v2\/tags?post=8956"}],"curies":[{"name":"wp","href":"https:\/\/api.w.org\/{rel}","templated":true}]}}