{"id":8046,"date":"2025-08-27T05:17:42","date_gmt":"2025-08-27T05:17:42","guid":{"rendered":"https:\/\/primerplanoirapuato.com\/?p=8046"},"modified":"2025-08-27T05:17:42","modified_gmt":"2025-08-27T05:17:42","slug":"reconocen-a-jovenes-irapuatenses-destacado","status":"publish","type":"post","link":"https:\/\/primerplanoirapuato.com\/index.php\/2025\/08\/27\/reconocen-a-jovenes-irapuatenses-destacado\/","title":{"rendered":"RECONOCEN A J\u00d3VENES IRAPUATENSES DESTACADO"},"content":{"rendered":"\n<p>Para reconocer la labor de las y los j\u00f3venes que trabajan por cumplir sus sue\u00f1os y contribuir a construir un mejor Irapuato, el Instituto Municipal de la Juventud (Imjuvi) entreg\u00f3 el Premio Municipal de la Juventud 2025.<\/p>\n\n\n\n<p>La presidenta municipal, Lorena Alfaro Garc\u00eda, felicit\u00f3 a las y los participantes de esta edici\u00f3n del galard\u00f3n e hizo un llamado a continuar luchando por sus metas, as\u00ed como a acercarse a los servicios que se ofrecen en la Casa del Emprendedor.<\/p>\n\n\n\n<p>El director del Imjuvi, Gerardo O\u00f1ate Guti\u00e9rrez, destac\u00f3 que este reconocimiento celebra el esfuerzo de j\u00f3venes que buscan mejorar su entorno y, al mismo tiempo, motiva a otros a seguir su ejemplo para alcanzar sus objetivos.<\/p>\n\n\n\n<p>Con estas acciones, el Gobierno Municipal impulsa el eje \u201cTu Alianza Ciudadana\u201d, parte de la estrategia Irapuato 27, que busca fortalecer la participaci\u00f3n social y fomentar la corresponsabilidad de las nuevas generaciones.<\/p>\n\n\n\n<p>Ganadores del Premio Municipal de la Juventud 2025:<br>\u2022 Ciencia y Tecnolog\u00eda: Elianne Paola Trejo Nava<br>\u2022 Ingenio Emprendedor: Juan Daniel Jim\u00e9nez Navarrete<br>\u2022 Expresiones Art\u00edsticas: Ana Paula Barr\u00f3n Bautista<br>\u2022 Contenido Digital: Diego Tom\u00e1s Morales S\u00e1nchez<br>\u2022 Compromiso Social: Axel Emiliano Rangel Guti\u00e9rrez<br>\u2022 Menci\u00f3n Honor\u00edfica: Laura Marisol Contreras Vargas<br>\u2022 Menci\u00f3n Honor\u00edfica: V\u00edctor Hugo Caballero Morales<\/p>\n\n\n\n<p><\/p>\n","protected":false},"excerpt":{"rendered":"<p>Para reconocer la labor de las y los j\u00f3venes que trabajan por cumplir sus sue\u00f1os y contribuir a construir un mejor Irapuato, el Instituto Municipal de la Juventud (Imjuvi) entreg\u00f3 el Premio Municipal de la Juventud 2025. La presidenta municipal, Lorena Alfaro Garc\u00eda, felicit\u00f3 a las y los participantes de esta edici\u00f3n del galard\u00f3n e&#8230;<\/p>\n","protected":false},"author":1,"featured_media":8047,"comment_status":"open","ping_status":"closed","sticky":false,"template":"","format":"standard","meta":{"footnotes":""},"categories":[8],"tags":[],"class_list":["post-8046","post","type-post","status-publish","format-standard","has-post-thumbnail","hentry","category-irapuato"],"_links":{"self":[{"href":"https:\/\/primerplanoirapuato.com\/index.php\/wp-json\/wp\/v2\/posts\/8046","targetHints":{"allow":["GET"]}}],"collection":[{"href":"https:\/\/primerplanoirapuato.com\/index.php\/wp-json\/wp\/v2\/posts"}],"about":[{"href":"https:\/\/primerplanoirapuato.com\/index.php\/wp-json\/wp\/v2\/types\/post"}],"author":[{"embeddable":true,"href":"https:\/\/primerplanoirapuato.com\/index.php\/wp-json\/wp\/v2\/users\/1"}],"replies":[{"embeddable":true,"href":"https:\/\/primerplanoirapuato.com\/index.php\/wp-json\/wp\/v2\/comments?post=8046"}],"version-history":[{"count":1,"href":"https:\/\/primerplanoirapuato.com\/index.php\/wp-json\/wp\/v2\/posts\/8046\/revisions"}],"predecessor-version":[{"id":8048,"href":"https:\/\/primerplanoirapuato.com\/index.php\/wp-json\/wp\/v2\/posts\/8046\/revisions\/8048"}],"wp:featuredmedia":[{"embeddable":true,"href":"https:\/\/primerplanoirapuato.com\/index.php\/wp-json\/wp\/v2\/media\/8047"}],"wp:attachment":[{"href":"https:\/\/primerplanoirapuato.com\/index.php\/wp-json\/wp\/v2\/media?parent=8046"}],"wp:term":[{"taxonomy":"category","embeddable":true,"href":"https:\/\/primerplanoirapuato.com\/index.php\/wp-json\/wp\/v2\/categories?post=8046"},{"taxonomy":"post_tag","embeddable":true,"href":"https:\/\/primerplanoirapuato.com\/index.php\/wp-json\/wp\/v2\/tags?post=8046"}],"curies":[{"name":"wp","href":"https:\/\/api.w.org\/{rel}","templated":true}]}}