{"id":8013,"date":"2025-08-26T03:29:25","date_gmt":"2025-08-26T03:29:25","guid":{"rendered":"https:\/\/primerplanoirapuato.com\/?p=8013"},"modified":"2025-08-26T03:29:25","modified_gmt":"2025-08-26T03:29:25","slug":"anuncian-en-abasolo-el-desafio-mtb-brinco-del-diablo","status":"publish","type":"post","link":"https:\/\/primerplanoirapuato.com\/index.php\/2025\/08\/26\/anuncian-en-abasolo-el-desafio-mtb-brinco-del-diablo\/","title":{"rendered":"Anuncian en Abasolo el Desaf\u00edo MTB Brinco del Diablo"},"content":{"rendered":"\n<p>El alcalde de Abasolo, Job Gallardo, anunci\u00f3 la realizaci\u00f3n del Desaf\u00edo MTB Brinco del Diablo, un evento ciclista que se llevar\u00e1 a cabo el pr\u00f3ximo 19 de octubre de 2025 en este municipio.<\/p>\n\n\n\n<p>El reto contar\u00e1 con rutas en diferentes categor\u00edas: avanzado, intermedio e infantil, lo que permitir\u00e1 la participaci\u00f3n de ciclistas de todos los niveles. Adem\u00e1s, los asistentes tendr\u00e1n acceso al Parque Acu\u00e1tico La Caldera, donde podr\u00e1n disfrutar de un ambiente familiar.<\/p>\n\n\n\n<p>Dentro de las actividades complementarias se incluyen puntos de hidrataci\u00f3n, jersey conmemorativo, \u00e1rea de comida y la presentaci\u00f3n de una banda de rock, con el objetivo de brindar una experiencia integral a los competidores y al p\u00fablico.<\/p>\n\n\n\n<p>Job Gallardo destac\u00f3 que este tipo de eventos fomentan el deporte, la convivencia social y promueven los atractivos tur\u00edsticos del municipio, consolidando a Abasolo como un referente en actividades al aire libre.<\/p>\n\n\n\n<p>El gobierno municipal, en coordinaci\u00f3n con organizadores privados y el Parque Acu\u00e1tico La Caldera, hizo un llamado a los ciclistas de la regi\u00f3n y del estado a sumarse a este desaf\u00edo extremo en contacto con la naturaleza.<\/p>\n","protected":false},"excerpt":{"rendered":"<p>El alcalde de Abasolo, Job Gallardo, anunci\u00f3 la realizaci\u00f3n del Desaf\u00edo MTB Brinco del Diablo, un evento ciclista que se llevar\u00e1 a cabo el pr\u00f3ximo 19 de octubre de 2025 en este municipio. El reto contar\u00e1 con rutas en diferentes categor\u00edas: avanzado, intermedio e infantil, lo que permitir\u00e1 la participaci\u00f3n de ciclistas de todos los&#8230;<\/p>\n","protected":false},"author":1,"featured_media":8014,"comment_status":"open","ping_status":"closed","sticky":false,"template":"","format":"standard","meta":{"footnotes":""},"categories":[3],"tags":[],"class_list":["post-8013","post","type-post","status-publish","format-standard","has-post-thumbnail","hentry","category-abasolo"],"_links":{"self":[{"href":"https:\/\/primerplanoirapuato.com\/index.php\/wp-json\/wp\/v2\/posts\/8013","targetHints":{"allow":["GET"]}}],"collection":[{"href":"https:\/\/primerplanoirapuato.com\/index.php\/wp-json\/wp\/v2\/posts"}],"about":[{"href":"https:\/\/primerplanoirapuato.com\/index.php\/wp-json\/wp\/v2\/types\/post"}],"author":[{"embeddable":true,"href":"https:\/\/primerplanoirapuato.com\/index.php\/wp-json\/wp\/v2\/users\/1"}],"replies":[{"embeddable":true,"href":"https:\/\/primerplanoirapuato.com\/index.php\/wp-json\/wp\/v2\/comments?post=8013"}],"version-history":[{"count":1,"href":"https:\/\/primerplanoirapuato.com\/index.php\/wp-json\/wp\/v2\/posts\/8013\/revisions"}],"predecessor-version":[{"id":8015,"href":"https:\/\/primerplanoirapuato.com\/index.php\/wp-json\/wp\/v2\/posts\/8013\/revisions\/8015"}],"wp:featuredmedia":[{"embeddable":true,"href":"https:\/\/primerplanoirapuato.com\/index.php\/wp-json\/wp\/v2\/media\/8014"}],"wp:attachment":[{"href":"https:\/\/primerplanoirapuato.com\/index.php\/wp-json\/wp\/v2\/media?parent=8013"}],"wp:term":[{"taxonomy":"category","embeddable":true,"href":"https:\/\/primerplanoirapuato.com\/index.php\/wp-json\/wp\/v2\/categories?post=8013"},{"taxonomy":"post_tag","embeddable":true,"href":"https:\/\/primerplanoirapuato.com\/index.php\/wp-json\/wp\/v2\/tags?post=8013"}],"curies":[{"name":"wp","href":"https:\/\/api.w.org\/{rel}","templated":true}]}}