{"id":7982,"date":"2025-08-24T05:01:46","date_gmt":"2025-08-24T05:01:46","guid":{"rendered":"https:\/\/primerplanoirapuato.com\/?p=7982"},"modified":"2025-08-24T05:01:46","modified_gmt":"2025-08-24T05:01:46","slug":"alcalde-de-abasolo-afirma-que-habra-rehabilitacion-de-vialidades","status":"publish","type":"post","link":"https:\/\/primerplanoirapuato.com\/index.php\/2025\/08\/24\/alcalde-de-abasolo-afirma-que-habra-rehabilitacion-de-vialidades\/","title":{"rendered":"Alcalde de Abasolo afirma que habr\u00e1 rehabilitaci\u00f3n de vialidades"},"content":{"rendered":"\n<p>Gracias El presidente municipal, Job Gallardo, asegur\u00f3 que su administraci\u00f3n ya tiene proyectos definidos para la rehabilitaci\u00f3n integral de las vialidades en la cabecera municipal y en comunidades, con el prop\u00f3sito de garantizar mejores condiciones de movilidad para los habitantes.<\/p>\n\n\n\n<p>El alcalde explic\u00f3 que actualmente se realizan trabajos de bacheo como medida inmediata para atender los da\u00f1os provocados por las lluvias, pero enfatiz\u00f3 que lo importante ser\u00e1 la rehabilitaci\u00f3n completa de las vialidades.<\/p>\n\n\n\n<p>\u201cEstamos aqu\u00ed en la carretera de Las Cruces terminando ya. Bueno, vamos a la mitad de las Cruces, que son de las principales que anunci\u00e9, que estaban por ah\u00ed algo da\u00f1adas\u201d.<\/p>\n\n\n\n<p>\u201cUna de las que nos conecta con Huan\u00edmaro, en la cabecera. O sea, impresionante lo que se hizo. Ahora dicen: \u2018es que solo es bacheo\u2019. Pues claro que es bacheo ahorita, porque se hace un da\u00f1o por la lluvia. Iniciamos con el proceso de bacheo y despu\u00e9s hay proyectos para rehabilitar bien las vialidades\u201d, se\u00f1al\u00f3.<\/p>\n\n\n\n<p>Job Gallardo destac\u00f3 que su gobierno trabaja en atender de inmediato las necesidades de la poblaci\u00f3n, pero con la certeza de que vienen obras de mayor alcance que transformar\u00e1n de fondo la infraestructura vial de Abasolo.<\/p>\n\n\n\n<p><\/p>\n","protected":false},"excerpt":{"rendered":"<p>Gracias El presidente municipal, Job Gallardo, asegur\u00f3 que su administraci\u00f3n ya tiene proyectos definidos para la rehabilitaci\u00f3n integral de las vialidades en la cabecera municipal y en comunidades, con el prop\u00f3sito de garantizar mejores condiciones de movilidad para los habitantes. El alcalde explic\u00f3 que actualmente se realizan trabajos de bacheo como medida inmediata para atender&#8230;<\/p>\n","protected":false},"author":1,"featured_media":7983,"comment_status":"open","ping_status":"closed","sticky":false,"template":"","format":"standard","meta":{"footnotes":""},"categories":[3],"tags":[],"class_list":["post-7982","post","type-post","status-publish","format-standard","has-post-thumbnail","hentry","category-abasolo"],"_links":{"self":[{"href":"https:\/\/primerplanoirapuato.com\/index.php\/wp-json\/wp\/v2\/posts\/7982","targetHints":{"allow":["GET"]}}],"collection":[{"href":"https:\/\/primerplanoirapuato.com\/index.php\/wp-json\/wp\/v2\/posts"}],"about":[{"href":"https:\/\/primerplanoirapuato.com\/index.php\/wp-json\/wp\/v2\/types\/post"}],"author":[{"embeddable":true,"href":"https:\/\/primerplanoirapuato.com\/index.php\/wp-json\/wp\/v2\/users\/1"}],"replies":[{"embeddable":true,"href":"https:\/\/primerplanoirapuato.com\/index.php\/wp-json\/wp\/v2\/comments?post=7982"}],"version-history":[{"count":1,"href":"https:\/\/primerplanoirapuato.com\/index.php\/wp-json\/wp\/v2\/posts\/7982\/revisions"}],"predecessor-version":[{"id":7984,"href":"https:\/\/primerplanoirapuato.com\/index.php\/wp-json\/wp\/v2\/posts\/7982\/revisions\/7984"}],"wp:featuredmedia":[{"embeddable":true,"href":"https:\/\/primerplanoirapuato.com\/index.php\/wp-json\/wp\/v2\/media\/7983"}],"wp:attachment":[{"href":"https:\/\/primerplanoirapuato.com\/index.php\/wp-json\/wp\/v2\/media?parent=7982"}],"wp:term":[{"taxonomy":"category","embeddable":true,"href":"https:\/\/primerplanoirapuato.com\/index.php\/wp-json\/wp\/v2\/categories?post=7982"},{"taxonomy":"post_tag","embeddable":true,"href":"https:\/\/primerplanoirapuato.com\/index.php\/wp-json\/wp\/v2\/tags?post=7982"}],"curies":[{"name":"wp","href":"https:\/\/api.w.org\/{rel}","templated":true}]}}