{"id":7968,"date":"2025-08-22T23:41:24","date_gmt":"2025-08-22T23:41:24","guid":{"rendered":"https:\/\/primerplanoirapuato.com\/?p=7968"},"modified":"2025-08-22T23:41:24","modified_gmt":"2025-08-22T23:41:24","slug":"refuerzan-compromiso-con-bomberos","status":"publish","type":"post","link":"https:\/\/primerplanoirapuato.com\/index.php\/2025\/08\/22\/refuerzan-compromiso-con-bomberos\/","title":{"rendered":"Refuerzan compromiso con bomberos"},"content":{"rendered":"\n<p>Con nuevo equipamiento y un profundo reconocimiento por su labor, compromiso y entrega, autoridades municipales celebraron el D\u00eda del Bombero en Irapuato, junto a 38 bomberos y voluntarios que conforman la corporaci\u00f3n.<\/p>\n\n\n\n<p>Para la Administraci\u00f3n Municipal, fortalecer con equipamiento y recursos a \u00e9sta instituci\u00f3n es una prioridad, ya que siempre est\u00e1n presentes en la atenci\u00f3n de la poblaci\u00f3n en situaciones de emergencia y desastres.<\/p>\n\n\n\n<p>En coordinaci\u00f3n con la Asociaci\u00f3n de Bomberos del Estado de Guanajuato y el Gobierno Municipal, se entreg\u00f3 un cami\u00f3n International, una unidad motobomba forestal que tiene caracter\u00edsticas especiales.<\/p>\n\n\n\n<p>La Alcaldesa reiter\u00f3 su compromiso con la corporaci\u00f3n e hizo \u00e9nfasis en el reconocimiento por la heroica labor que realizan para ayudar a la sociedad.<\/p>\n\n\n\n<p>Los bomberos ca\u00eddos en cumplimiento son: Oscar Zulember Garc\u00eda P\u00e9rez, Oscar Daniel Espinoza Trujillo y Christian Fabi\u00e1n Rodr\u00edguez Cisneros.<\/p>\n\n\n\n<p>Juan \u00c1ngel Basurto Mu\u00f1oz, comandante del Cuerpo de Bomberos, comparti\u00f3 que este veh\u00edculo permitir\u00e1 contar con una corporaci\u00f3n mejor equipada y preparada para atender de manera eficiente y oportunamente los accidentes, emergencias, y desastres que se registren en la ciudad.&nbsp;<\/p>\n\n\n\n<p>Durante el mes de julio, integrantes de la corporaci\u00f3n atendieron 548 servicios, incendios, bald\u00edos, abejas, servicio de ambulancia.<\/p>\n\n\n\n<p>Tambi\u00e9n se anunci\u00f3, que&nbsp;este lunes 25 de agosto&nbsp;inicia la licitaci\u00f3n para la compra de uniformes para todo el personal de bomberos, el cual comprende: botas, pantal\u00f3n, camisola, gorra, playera tipo polo, playera cuello redondo y chamarra.<\/p>\n\n\n\n<p>Con estas acciones, se fortalece el eje de gobierno Tu Irapuato, impulsado por la alcaldesa Lorena Alfaro Garc\u00eda, construyendo un municipio feliz, seguro y en paz.<\/p>\n\n\n\n<p>Caracter\u00edsticas de la nueva unidad:<br>\u2022 Cami\u00f3n forestal atraviesa el calor.<br>\u2022 Cortinas t\u00e9rmicas, detiene la radiaci\u00f3n al interior.&nbsp;<br>\u2022 Capacidad para cuatro pasajeros.<br>\u2022 Mascarillas.<br>\u2022 Brecheros para evitar cortes<br>\u2022 Mangueras de repuesto.<\/p>\n","protected":false},"excerpt":{"rendered":"<p>Con nuevo equipamiento y un profundo reconocimiento por su labor, compromiso y entrega, autoridades municipales celebraron el D\u00eda del Bombero en Irapuato, junto a 38 bomberos y voluntarios que conforman la corporaci\u00f3n. Para la Administraci\u00f3n Municipal, fortalecer con equipamiento y recursos a \u00e9sta instituci\u00f3n es una prioridad, ya que siempre est\u00e1n presentes en la atenci\u00f3n&#8230;<\/p>\n","protected":false},"author":1,"featured_media":7969,"comment_status":"open","ping_status":"closed","sticky":false,"template":"","format":"standard","meta":{"footnotes":""},"categories":[8],"tags":[],"class_list":["post-7968","post","type-post","status-publish","format-standard","has-post-thumbnail","hentry","category-irapuato"],"_links":{"self":[{"href":"https:\/\/primerplanoirapuato.com\/index.php\/wp-json\/wp\/v2\/posts\/7968","targetHints":{"allow":["GET"]}}],"collection":[{"href":"https:\/\/primerplanoirapuato.com\/index.php\/wp-json\/wp\/v2\/posts"}],"about":[{"href":"https:\/\/primerplanoirapuato.com\/index.php\/wp-json\/wp\/v2\/types\/post"}],"author":[{"embeddable":true,"href":"https:\/\/primerplanoirapuato.com\/index.php\/wp-json\/wp\/v2\/users\/1"}],"replies":[{"embeddable":true,"href":"https:\/\/primerplanoirapuato.com\/index.php\/wp-json\/wp\/v2\/comments?post=7968"}],"version-history":[{"count":1,"href":"https:\/\/primerplanoirapuato.com\/index.php\/wp-json\/wp\/v2\/posts\/7968\/revisions"}],"predecessor-version":[{"id":7970,"href":"https:\/\/primerplanoirapuato.com\/index.php\/wp-json\/wp\/v2\/posts\/7968\/revisions\/7970"}],"wp:featuredmedia":[{"embeddable":true,"href":"https:\/\/primerplanoirapuato.com\/index.php\/wp-json\/wp\/v2\/media\/7969"}],"wp:attachment":[{"href":"https:\/\/primerplanoirapuato.com\/index.php\/wp-json\/wp\/v2\/media?parent=7968"}],"wp:term":[{"taxonomy":"category","embeddable":true,"href":"https:\/\/primerplanoirapuato.com\/index.php\/wp-json\/wp\/v2\/categories?post=7968"},{"taxonomy":"post_tag","embeddable":true,"href":"https:\/\/primerplanoirapuato.com\/index.php\/wp-json\/wp\/v2\/tags?post=7968"}],"curies":[{"name":"wp","href":"https:\/\/api.w.org\/{rel}","templated":true}]}}