{"id":7777,"date":"2025-08-05T21:33:47","date_gmt":"2025-08-05T21:33:47","guid":{"rendered":"https:\/\/primerplanoirapuato.com\/?p=7777"},"modified":"2025-08-05T21:33:47","modified_gmt":"2025-08-05T21:33:47","slug":"rehabilitaran-avenida-independencia","status":"publish","type":"post","link":"https:\/\/primerplanoirapuato.com\/index.php\/2025\/08\/05\/rehabilitaran-avenida-independencia\/","title":{"rendered":"REHABILITAR\u00c1N AVENIDA INDEPENDENCIA"},"content":{"rendered":"\n<p>&nbsp;El cuerpo sur de la avenida Independencia, en el tramo que va de la avenida Las \u00c1guilas a las v\u00edas del ferrocarril, recibir\u00e1 rehabilitaci\u00f3n vial y mantenimiento mayor.<\/p>\n\n\n\n<p>As\u00ed lo informo la presidenta municipal, Lorena Alfaro Garc\u00eda, qui\u00e9n agrego que es una obra que fortalecer\u00e1 la conectividad y movilidad de la zona poniente de la ciudad.<\/p>\n\n\n\n<p>\u00abEn Irapuato nadie se queda atr\u00e1s, por ello estamos llevando la modernizaci\u00f3n de las vialidades a todas las zonas de la ciudad, para que el bienestar alcance hasta el \u00faltimo rinc\u00f3n de nuestro municipio\u00bb, enfatiz\u00f3.&nbsp;<\/p>\n\n\n\n<p>Esta vialidad fue pavimentada hace m\u00e1s de 25 a\u00f1os y, con el paso del tiempo, se ha consolidado como una v\u00eda clave de acceso para m\u00faltiples colonias y desarrollos habitacionales. En 2023, el cuerpo norte de la misma avenida fue completamente pavimentado, generando un contraste evidente con el deteriorado cuerpo sur, particularmente en temporada de lluvias.<\/p>\n\n\n\n<p>Ante esta situaci\u00f3n, se ha programado la intervenci\u00f3n del tramo mencionado, con una longitud de 2,360 metros y un ancho promedio de 10.5 metros. Las obras contemplan la rehabilitaci\u00f3n de 25 mil metros cuadrados de pavimento asf\u00e1ltico, incluida la base hidr\u00e1ulica, as\u00ed como la reparaci\u00f3n de guarniciones, banquetas y la renivelaci\u00f3n de pozos de visita y bocas de tormenta.<\/p>\n\n\n\n<p>La obra iniciar\u00e1&nbsp;el 25 de agosto&nbsp;y tendr\u00e1 una duraci\u00f3n estimada de 75 d\u00edas naturales. Para reducir afectaciones a la ciudadan\u00eda, los trabajos se realizar\u00e1n por etapas, sin cerrar completamente la circulaci\u00f3n.<\/p>\n\n\n\n<p>Durante este periodo, se contar\u00e1 con apoyo operativo de la empresa contratista y las Direcciones de Tr\u00e1nsito Municipal, as\u00ed como Movilidad y Transporte, para orientar a peatones y conductores.<\/p>\n\n\n\n<p>La Presidenta de Irapuato puntualiz\u00f3 que, la rehabilitaci\u00f3n de la avenida Independencia beneficiar\u00e1 de forma directa a 51,872 habitantes de 12 colonias y fraccionamientos cercanos, as\u00ed como de forma indirecta a 29 zonas habitacionales aleda\u00f1as.<\/p>\n\n\n\n<p>Esta vialidad no solo es parte del principal eje transversal oriente-poniente de la ciudad, tambi\u00e9n se integrar\u00e1 con el bulevar Gabriel Garc\u00eda M\u00e1rquez, cerrando circuitos importantes en la zona poniente del municipio.<\/p>\n\n\n\n<p>Con esta acci\u00f3n, el Gobierno de Irapuato reafirma su compromiso por mantener en \u00f3ptimas condiciones la infraestructura vial de la ciudad, mejorando la calidad de vida de las familias irapuatenses y facilitando una movilidad m\u00e1s segura y eficiente.<\/p>\n","protected":false},"excerpt":{"rendered":"<p>&nbsp;El cuerpo sur de la avenida Independencia, en el tramo que va de la avenida Las \u00c1guilas a las v\u00edas del ferrocarril, recibir\u00e1 rehabilitaci\u00f3n vial y mantenimiento mayor. As\u00ed lo informo la presidenta municipal, Lorena Alfaro Garc\u00eda, qui\u00e9n agrego que es una obra que fortalecer\u00e1 la conectividad y movilidad de la zona poniente de la&#8230;<\/p>\n","protected":false},"author":1,"featured_media":7778,"comment_status":"open","ping_status":"closed","sticky":false,"template":"","format":"standard","meta":{"footnotes":""},"categories":[8],"tags":[],"class_list":["post-7777","post","type-post","status-publish","format-standard","has-post-thumbnail","hentry","category-irapuato"],"_links":{"self":[{"href":"https:\/\/primerplanoirapuato.com\/index.php\/wp-json\/wp\/v2\/posts\/7777","targetHints":{"allow":["GET"]}}],"collection":[{"href":"https:\/\/primerplanoirapuato.com\/index.php\/wp-json\/wp\/v2\/posts"}],"about":[{"href":"https:\/\/primerplanoirapuato.com\/index.php\/wp-json\/wp\/v2\/types\/post"}],"author":[{"embeddable":true,"href":"https:\/\/primerplanoirapuato.com\/index.php\/wp-json\/wp\/v2\/users\/1"}],"replies":[{"embeddable":true,"href":"https:\/\/primerplanoirapuato.com\/index.php\/wp-json\/wp\/v2\/comments?post=7777"}],"version-history":[{"count":0,"href":"https:\/\/primerplanoirapuato.com\/index.php\/wp-json\/wp\/v2\/posts\/7777\/revisions"}],"wp:featuredmedia":[{"embeddable":true,"href":"https:\/\/primerplanoirapuato.com\/index.php\/wp-json\/"}],"wp:attachment":[{"href":"https:\/\/primerplanoirapuato.com\/index.php\/wp-json\/wp\/v2\/media?parent=7777"}],"wp:term":[{"taxonomy":"category","embeddable":true,"href":"https:\/\/primerplanoirapuato.com\/index.php\/wp-json\/wp\/v2\/categories?post=7777"},{"taxonomy":"post_tag","embeddable":true,"href":"https:\/\/primerplanoirapuato.com\/index.php\/wp-json\/wp\/v2\/tags?post=7777"}],"curies":[{"name":"wp","href":"https:\/\/api.w.org\/{rel}","templated":true}]}}