{"id":6834,"date":"2025-06-23T19:19:34","date_gmt":"2025-06-23T19:19:34","guid":{"rendered":"https:\/\/primerplanoirapuato.com\/?p=6834"},"modified":"2025-06-23T19:19:34","modified_gmt":"2025-06-23T19:19:34","slug":"se-realizo-en-abasolo-feria-de-la-cocina-tradicional","status":"publish","type":"post","link":"https:\/\/primerplanoirapuato.com\/index.php\/2025\/06\/23\/se-realizo-en-abasolo-feria-de-la-cocina-tradicional\/","title":{"rendered":"Se realiz\u00f3 en Abasolo feria de la cocina tradicional"},"content":{"rendered":"\n<p>En la Zona Arqueol\u00f3gica de Peralta se llev\u00f3 a cabo la Feria de la Cocina Tradicional 2025, evento encabezado por la&nbsp;Directora&nbsp;de la Secretar\u00eda de Cultura del Estado, Lizeth Galv\u00e1n Cort\u00e9s, y el Presidente Municipal de Abasolo, Job&nbsp;Gallardo.<\/p>\n\n\n\n<p>Durante esta feria, se realiz\u00f3 un concurso culinario en el que fueron premiadas las mejores cocineras tradicionales, reconociendo el talento,&nbsp;el&nbsp;saz\u00f3n&nbsp;y la riqueza gastron\u00f3mica de la regi\u00f3n. El evento fue un espacio de celebraci\u00f3n a las ra\u00edces culturales, donde familias&nbsp;abasolenses&nbsp;y visitantes disfrutaron de una amplia muestra de platillos t\u00edpicos.<\/p>\n\n\n\n<p>En su mensaje, las autoridades destacaron la importancia de preservar y promover la cocina tradicional, as\u00ed como el compromiso conjunto entre el Municipio de Abasolo y la Secretar\u00eda de Cultura del Estado para seguir impulsando eventos&nbsp;culturales en la comunidad de Peralta, con futuras actividades ya en planeaci\u00f3n.&nbsp;<\/p>\n\n\n\n<p>La feria reafirma el valor del patrimonio culinario como parte esencial de la identidad&nbsp;abasolense&nbsp;y fortalece el v\u00ednculo entre la cultura y el desarrollo comunitario.<\/p>\n","protected":false},"excerpt":{"rendered":"<p>En la Zona Arqueol\u00f3gica de Peralta se llev\u00f3 a cabo la Feria de la Cocina Tradicional 2025, evento encabezado por la&nbsp;Directora&nbsp;de la Secretar\u00eda de Cultura del Estado, Lizeth Galv\u00e1n Cort\u00e9s, y el Presidente Municipal de Abasolo, Job&nbsp;Gallardo. Durante esta feria, se realiz\u00f3 un concurso culinario en el que fueron premiadas las mejores cocineras tradicionales, reconociendo&#8230;<\/p>\n","protected":false},"author":1,"featured_media":6835,"comment_status":"open","ping_status":"closed","sticky":false,"template":"","format":"standard","meta":{"footnotes":""},"categories":[8],"tags":[],"class_list":["post-6834","post","type-post","status-publish","format-standard","has-post-thumbnail","hentry","category-irapuato"],"_links":{"self":[{"href":"https:\/\/primerplanoirapuato.com\/index.php\/wp-json\/wp\/v2\/posts\/6834","targetHints":{"allow":["GET"]}}],"collection":[{"href":"https:\/\/primerplanoirapuato.com\/index.php\/wp-json\/wp\/v2\/posts"}],"about":[{"href":"https:\/\/primerplanoirapuato.com\/index.php\/wp-json\/wp\/v2\/types\/post"}],"author":[{"embeddable":true,"href":"https:\/\/primerplanoirapuato.com\/index.php\/wp-json\/wp\/v2\/users\/1"}],"replies":[{"embeddable":true,"href":"https:\/\/primerplanoirapuato.com\/index.php\/wp-json\/wp\/v2\/comments?post=6834"}],"version-history":[{"count":0,"href":"https:\/\/primerplanoirapuato.com\/index.php\/wp-json\/wp\/v2\/posts\/6834\/revisions"}],"wp:featuredmedia":[{"embeddable":true,"href":"https:\/\/primerplanoirapuato.com\/index.php\/wp-json\/"}],"wp:attachment":[{"href":"https:\/\/primerplanoirapuato.com\/index.php\/wp-json\/wp\/v2\/media?parent=6834"}],"wp:term":[{"taxonomy":"category","embeddable":true,"href":"https:\/\/primerplanoirapuato.com\/index.php\/wp-json\/wp\/v2\/categories?post=6834"},{"taxonomy":"post_tag","embeddable":true,"href":"https:\/\/primerplanoirapuato.com\/index.php\/wp-json\/wp\/v2\/tags?post=6834"}],"curies":[{"name":"wp","href":"https:\/\/api.w.org\/{rel}","templated":true}]}}