{"id":6721,"date":"2025-06-19T03:26:52","date_gmt":"2025-06-19T03:26:52","guid":{"rendered":"https:\/\/primerplanoirapuato.com\/?p=6721"},"modified":"2025-06-19T03:26:52","modified_gmt":"2025-06-19T03:26:52","slug":"reclama-lorena-alfaro-recorte-de-recursos-federales-en-sesion-de-ayuntamiento","status":"publish","type":"post","link":"https:\/\/primerplanoirapuato.com\/index.php\/2025\/06\/19\/reclama-lorena-alfaro-recorte-de-recursos-federales-en-sesion-de-ayuntamiento\/","title":{"rendered":"Reclama Lorena Alfaro recorte de recursos federales en sesi\u00f3n de Ayuntamiento"},"content":{"rendered":"\n<p>La presidenta municipal, Lorena Alfaro Garc\u00eda, expres\u00f3 su preocupaci\u00f3n por los recortes a los recursos federales dirigidos al gasto de inversi\u00f3n, al considerar que esta situaci\u00f3n afecta directamente la capacidad de los municipios para atender a la poblaci\u00f3n.<\/p>\n\n\n\n<p>El reclamo se dio durante el an\u00e1lisis del punto 11 del orden del d\u00eda de la sesi\u00f3n de Ayuntamiento, correspondiente al dictamen presentado por la regidora Liliana Flores Rodr\u00edguez, sobre la primera modificaci\u00f3n al Programa de Inversi\u00f3n del Ramo 33 para el ejercicio fiscal 2025.<\/p>\n\n\n\n<p>La alcaldesa destac\u00f3 que los municipios de todo el pa\u00eds, sin distinci\u00f3n de partido, enfrentan las mismas dificultades ante la desaparici\u00f3n de apoyos extraordinarios que antes pod\u00edan gestionarse para obras de gran impacto social.<\/p>\n\n\n\n<p>Ante este escenario, inform\u00f3 que el gobierno municipal interpuso un recurso legal ante la Secretar\u00eda de Hacienda y Cr\u00e9dito P\u00fablico, con el fin de exigir el cumplimiento de las aportaciones federales establecidas por ley.<\/p>\n\n\n\n<p>Uno de los principales recortes se dio en el Fondo de Aportaciones para la Infraestructura Social (FAIS), del cual se retir\u00f3 de forma unilateral un 10%. Para Irapuato, esto representa una disminuci\u00f3n de 67 millones de pesos.<\/p>\n\n\n\n<p><\/p>\n","protected":false},"excerpt":{"rendered":"<p>La presidenta municipal, Lorena Alfaro Garc\u00eda, expres\u00f3 su preocupaci\u00f3n por los recortes a los recursos federales dirigidos al gasto de inversi\u00f3n, al considerar que esta situaci\u00f3n afecta directamente la capacidad de los municipios para atender a la poblaci\u00f3n. El reclamo se dio durante el an\u00e1lisis del punto 11 del orden del d\u00eda de la sesi\u00f3n&#8230;<\/p>\n","protected":false},"author":1,"featured_media":6722,"comment_status":"open","ping_status":"closed","sticky":false,"template":"","format":"standard","meta":{"footnotes":""},"categories":[8],"tags":[],"class_list":["post-6721","post","type-post","status-publish","format-standard","has-post-thumbnail","hentry","category-irapuato"],"_links":{"self":[{"href":"https:\/\/primerplanoirapuato.com\/index.php\/wp-json\/wp\/v2\/posts\/6721","targetHints":{"allow":["GET"]}}],"collection":[{"href":"https:\/\/primerplanoirapuato.com\/index.php\/wp-json\/wp\/v2\/posts"}],"about":[{"href":"https:\/\/primerplanoirapuato.com\/index.php\/wp-json\/wp\/v2\/types\/post"}],"author":[{"embeddable":true,"href":"https:\/\/primerplanoirapuato.com\/index.php\/wp-json\/wp\/v2\/users\/1"}],"replies":[{"embeddable":true,"href":"https:\/\/primerplanoirapuato.com\/index.php\/wp-json\/wp\/v2\/comments?post=6721"}],"version-history":[{"count":0,"href":"https:\/\/primerplanoirapuato.com\/index.php\/wp-json\/wp\/v2\/posts\/6721\/revisions"}],"wp:featuredmedia":[{"embeddable":true,"href":"https:\/\/primerplanoirapuato.com\/index.php\/wp-json\/"}],"wp:attachment":[{"href":"https:\/\/primerplanoirapuato.com\/index.php\/wp-json\/wp\/v2\/media?parent=6721"}],"wp:term":[{"taxonomy":"category","embeddable":true,"href":"https:\/\/primerplanoirapuato.com\/index.php\/wp-json\/wp\/v2\/categories?post=6721"},{"taxonomy":"post_tag","embeddable":true,"href":"https:\/\/primerplanoirapuato.com\/index.php\/wp-json\/wp\/v2\/tags?post=6721"}],"curies":[{"name":"wp","href":"https:\/\/api.w.org\/{rel}","templated":true}]}}