{"id":6704,"date":"2025-06-18T20:08:38","date_gmt":"2025-06-18T20:08:38","guid":{"rendered":"https:\/\/primerplanoirapuato.com\/?p=6704"},"modified":"2025-06-18T20:08:38","modified_gmt":"2025-06-18T20:08:38","slug":"joven-es-procesado-por-terrorismo-intento-de-homicidio-de-un-policia-y-danos-en-irapuato","status":"publish","type":"post","link":"https:\/\/primerplanoirapuato.com\/index.php\/2025\/06\/18\/joven-es-procesado-por-terrorismo-intento-de-homicidio-de-un-policia-y-danos-en-irapuato\/","title":{"rendered":"Joven es procesado por terrorismo, intento de homicidio de un polic\u00eda y da\u00f1os en Irapuato"},"content":{"rendered":"\n<p>La noche del 30 de abril de 2024, alrededor de las 20:00 horas, en la colonia La Pradera, en Irapuato, se registraron una serie de eventos delictivos con los que se pretendi\u00f3 infundir terror entre las corporaciones policiales y la poblaci\u00f3n. Los hechos incluyeron amenazas escritas en una cartulina, da\u00f1os provocados a una caseta de vigilancia donde se encontraba un elemento preventivo, as\u00ed como da\u00f1os a una patrulla de la Polic\u00eda Municipal.<\/p>\n\n\n\n<p>Estos actos fueron investigados por la Fiscal\u00eda General del Estado como delitos de terrorismo, tentativa de homicidio contra servidores p\u00fablicos y da\u00f1os al patrimonio municipal.<\/p>\n\n\n\n<p>Un agente del Ministerio P\u00fablico encabez\u00f3 las indagatorias con apoyo de un grupo de agentes ministeriales, especialistas en an\u00e1lisis de informaci\u00f3n y peritos criminalistas. En el lugar se recolectaron indicios, se embalaron elementos bal\u00edsticos y se documentaron los da\u00f1os ocasionados.<\/p>\n\n\n\n<p>El an\u00e1lisis de inteligencia criminal permiti\u00f3 identificar al presunto responsable, Salvador \u201cN\u201d, un individuo con antecedentes relacionados con c\u00e9lulas delictivas. Con base en esta informaci\u00f3n, se gir\u00f3 y cumpliment\u00f3 una orden de aprehensi\u00f3n por parte de agentes de investigaci\u00f3n criminal.<\/p>\n\n\n\n<p>El c\u00famulo de pruebas t\u00e9cnicas y cient\u00edficas integradas en la carpeta de investigaci\u00f3n fue presentado ante la jueza en la audiencia inicial. La defensa del acusado se desisti\u00f3 de los datos de prueba ofrecidos, lo que permiti\u00f3 que se dictara la vinculaci\u00f3n a proceso penal por los delitos se\u00f1alados.<\/p>\n\n\n\n<p>Asimismo, se impuso como medida cautelar la prisi\u00f3n preventiva justificada, por lo que el imputado permanecer\u00e1 recluido mientras se desarrolla el proceso judicial en su contra.<\/p>\n","protected":false},"excerpt":{"rendered":"<p>La noche del 30 de abril de 2024, alrededor de las 20:00 horas, en la colonia La Pradera, en Irapuato, se registraron una serie de eventos delictivos con los que se pretendi\u00f3 infundir terror entre las corporaciones policiales y la poblaci\u00f3n. Los hechos incluyeron amenazas escritas en una cartulina, da\u00f1os provocados a una caseta de&#8230;<\/p>\n","protected":false},"author":1,"featured_media":6705,"comment_status":"open","ping_status":"closed","sticky":false,"template":"","format":"standard","meta":{"footnotes":""},"categories":[8],"tags":[],"class_list":["post-6704","post","type-post","status-publish","format-standard","has-post-thumbnail","hentry","category-irapuato"],"_links":{"self":[{"href":"https:\/\/primerplanoirapuato.com\/index.php\/wp-json\/wp\/v2\/posts\/6704","targetHints":{"allow":["GET"]}}],"collection":[{"href":"https:\/\/primerplanoirapuato.com\/index.php\/wp-json\/wp\/v2\/posts"}],"about":[{"href":"https:\/\/primerplanoirapuato.com\/index.php\/wp-json\/wp\/v2\/types\/post"}],"author":[{"embeddable":true,"href":"https:\/\/primerplanoirapuato.com\/index.php\/wp-json\/wp\/v2\/users\/1"}],"replies":[{"embeddable":true,"href":"https:\/\/primerplanoirapuato.com\/index.php\/wp-json\/wp\/v2\/comments?post=6704"}],"version-history":[{"count":0,"href":"https:\/\/primerplanoirapuato.com\/index.php\/wp-json\/wp\/v2\/posts\/6704\/revisions"}],"wp:featuredmedia":[{"embeddable":true,"href":"https:\/\/primerplanoirapuato.com\/index.php\/wp-json\/"}],"wp:attachment":[{"href":"https:\/\/primerplanoirapuato.com\/index.php\/wp-json\/wp\/v2\/media?parent=6704"}],"wp:term":[{"taxonomy":"category","embeddable":true,"href":"https:\/\/primerplanoirapuato.com\/index.php\/wp-json\/wp\/v2\/categories?post=6704"},{"taxonomy":"post_tag","embeddable":true,"href":"https:\/\/primerplanoirapuato.com\/index.php\/wp-json\/wp\/v2\/tags?post=6704"}],"curies":[{"name":"wp","href":"https:\/\/api.w.org\/{rel}","templated":true}]}}