{"id":6697,"date":"2025-06-18T19:36:58","date_gmt":"2025-06-18T19:36:58","guid":{"rendered":"https:\/\/primerplanoirapuato.com\/?p=6697"},"modified":"2025-06-18T19:36:58","modified_gmt":"2025-06-18T19:36:58","slug":"comision-de-derechos-humanos-abre-espacio-de-escucha-con-periodistas-y-defensores","status":"publish","type":"post","link":"https:\/\/primerplanoirapuato.com\/index.php\/2025\/06\/18\/comision-de-derechos-humanos-abre-espacio-de-escucha-con-periodistas-y-defensores\/","title":{"rendered":"Comisi\u00f3n de Derechos Humanos abre espacio de escucha con periodistas y defensores"},"content":{"rendered":"\n<p>Con el objetivo de escuchar las opiniones sobre el dictamen de dos iniciativas de reforma a la Ley para la Protecci\u00f3n de Personas Defensoras de Derechos Humanos y Periodistas, la Comisi\u00f3n de Derechos Humanos y Atenci\u00f3n a Grupos Vulnerables del Congreso local se reuni\u00f3 con periodistas y defensores de derechos humanos.<\/p>\n\n\n\n<p>Una de las propuestas, enviada por la gobernadora Libia Dennise Garc\u00eda Mu\u00f1oz Ledo, busca garantizar la seguridad, integridad y el trabajo de quienes ejercen la defensa de los derechos humanos y la labor informativa.<\/p>\n\n\n\n<p>Las y los participantes solicitaron que sus observaciones sean consideradas para fortalecer el dictamen, asegurar la aplicaci\u00f3n de los principios pro persona y de consentimiento, y fortalecer los mecanismos estatales de protecci\u00f3n.<\/p>\n\n\n\n<p>Tambi\u00e9n pidieron robustecer el funcionamiento y operaci\u00f3n del Consejo Estatal de Protecci\u00f3n a Personas Defensoras de Derechos Humanos y Periodistas para que pueda cumplir con su funci\u00f3n, as\u00ed como las atribuciones de la secretar\u00eda t\u00e9cnica y que se diera a conocer c\u00f3mo funciona este organismo.<\/p>\n\n\n\n<p>Requirieron que se integren en el consejo las comisiones estatales de b\u00fasqueda y atenci\u00f3n de v\u00edctimas, modificar la definici\u00f3n de periodistas para que se considere as\u00ed a quienes tienen al periodismo como actividad laboral, que la Prodheg implemente un programa de capacitaci\u00f3n permanente a los grupos especiales de protecci\u00f3n de la Polic\u00eda Estatal.<\/p>\n\n\n\n<p>Adem\u00e1s, instaron a que a las buscadoras se les reconozca como personas defensoras de derechos humanos, que los municipios cuenten con la capacitaci\u00f3n necesaria para atender los asuntos relacionados con estos sectores sociales, ampliar las convocatorias para las consultas de propuestas relacionadas con el gremio, entre otros comentarios.<\/p>\n\n\n\n<p>Al hacer uso de la voz, la diputada del PAN, Ana Mar\u00eda Esquivel Arrona, destac\u00f3 la relevancia de las aportaciones recibidas y reiter\u00f3 el compromiso de las y los legisladores de escuchar a los beneficiarios de la normativa.<\/p>\n\n\n\n<p>\u201cLa presentaci\u00f3n de propuestas que han hecho las personas que est\u00e1n en esta mesa, aunque no est\u00e9n todas, para m\u00ed ha sido muy valiosa; definitivamente son, con base en su labor, a la experiencia vivida en el mismo consejo; lo que queremos es fortalecer las propuestas\u201d, refiri\u00f3.&nbsp;<\/p>\n\n\n\n<p>Finalmente, los integrantes de la comisi\u00f3n acordaron un receso con el objetivo de integrar las observaciones pertinentes a las competencias de la Ley para la Protecci\u00f3n de Personas Defensoras de Derechos Humanos y Periodistas.<\/p>\n\n\n\n<p>En la reuni\u00f3n participaron los legisladores de Acci\u00f3n Nacional, Salvador Tovar Vargas y Jes\u00fas Hern\u00e1ndez Hern\u00e1ndez.<\/p>\n\n\n\n<p>Al igual, que las y los periodistas Gabriela Montejano, Yajaira Gasca, Melissa Esquivias, Jos\u00e9 Meza, Sof\u00eda Negrete, Alfonsina \u00c1vila, Ver\u00f3nica Gasca, Antonio Vel\u00e1zquez, J\u00e9ssica de la Cruz, Carlos Garc\u00eda, Jorge Escalante, Andr\u00e9s Guardiola, Alicia Arias, Armando Araiza, Carmen Pizano y Catalina Reyes; las personas defensoras de los derechos humanos Jos\u00e9 Raymundo Sandoval, Martha Cecilia Cruz y Germ\u00e1n Estrada.<\/p>\n\n\n\n<figure class=\"wp-block-table\"><table class=\"has-fixed-layout\"><tbody><tr><td>&nbsp;<\/td><\/tr><\/tbody><\/table><\/figure>\n","protected":false},"excerpt":{"rendered":"<p>Con el objetivo de escuchar las opiniones sobre el dictamen de dos iniciativas de reforma a la Ley para la Protecci\u00f3n de Personas Defensoras de Derechos Humanos y Periodistas, la Comisi\u00f3n de Derechos Humanos y Atenci\u00f3n a Grupos Vulnerables del Congreso local se reuni\u00f3 con periodistas y defensores de derechos humanos. Una de las propuestas,&#8230;<\/p>\n","protected":false},"author":1,"featured_media":6698,"comment_status":"open","ping_status":"closed","sticky":false,"template":"","format":"standard","meta":{"footnotes":""},"categories":[6],"tags":[],"class_list":["post-6697","post","type-post","status-publish","format-standard","has-post-thumbnail","hentry","category-estatal"],"_links":{"self":[{"href":"https:\/\/primerplanoirapuato.com\/index.php\/wp-json\/wp\/v2\/posts\/6697","targetHints":{"allow":["GET"]}}],"collection":[{"href":"https:\/\/primerplanoirapuato.com\/index.php\/wp-json\/wp\/v2\/posts"}],"about":[{"href":"https:\/\/primerplanoirapuato.com\/index.php\/wp-json\/wp\/v2\/types\/post"}],"author":[{"embeddable":true,"href":"https:\/\/primerplanoirapuato.com\/index.php\/wp-json\/wp\/v2\/users\/1"}],"replies":[{"embeddable":true,"href":"https:\/\/primerplanoirapuato.com\/index.php\/wp-json\/wp\/v2\/comments?post=6697"}],"version-history":[{"count":0,"href":"https:\/\/primerplanoirapuato.com\/index.php\/wp-json\/wp\/v2\/posts\/6697\/revisions"}],"wp:featuredmedia":[{"embeddable":true,"href":"https:\/\/primerplanoirapuato.com\/index.php\/wp-json\/"}],"wp:attachment":[{"href":"https:\/\/primerplanoirapuato.com\/index.php\/wp-json\/wp\/v2\/media?parent=6697"}],"wp:term":[{"taxonomy":"category","embeddable":true,"href":"https:\/\/primerplanoirapuato.com\/index.php\/wp-json\/wp\/v2\/categories?post=6697"},{"taxonomy":"post_tag","embeddable":true,"href":"https:\/\/primerplanoirapuato.com\/index.php\/wp-json\/wp\/v2\/tags?post=6697"}],"curies":[{"name":"wp","href":"https:\/\/api.w.org\/{rel}","templated":true}]}}