{"id":6694,"date":"2025-06-18T19:35:49","date_gmt":"2025-06-18T19:35:49","guid":{"rendered":"https:\/\/primerplanoirapuato.com\/?p=6694"},"modified":"2025-06-18T19:35:49","modified_gmt":"2025-06-18T19:35:49","slug":"presentan-en-la-ciudad-de-mexico-vendimias-guanajuato-2025","status":"publish","type":"post","link":"https:\/\/primerplanoirapuato.com\/index.php\/2025\/06\/18\/presentan-en-la-ciudad-de-mexico-vendimias-guanajuato-2025\/","title":{"rendered":"Presentan en la Ciudad de M\u00e9xico: \u201cVendimias Guanajuato 2025\u201d"},"content":{"rendered":"\n<p>Guanajuato consolida su liderazgo como destino&nbsp;enotur\u00edstico&nbsp;y gastron\u00f3mico de clase mundial con las&nbsp;Fiestas de la Vendimia que se van&nbsp;a realizar en 6 municipios del&nbsp;Estado en agosto y octubre de 2025.<\/p>\n\n\n\n<p>\u201cVengan a Guanajuato a vivir la experiencia del vino, los recibimos con los brazos abiertos\u201d, dijo la Gobernadora de&nbsp;la Gente, Libia Dennise Garc\u00eda Mu\u00f1oz Ledo,&nbsp;al&nbsp;encabezar la rueda de prensa para presentar las actividades que se realizaran en las Vendimias Guanajuato 2025.<\/p>\n\n\n\n<p>\u201cEstamos listos para recibir a la gente que desee disfrutar de estas actividades que hacen de Guanajuato uno de los destinos tur\u00edsticos m\u00e1s importantes a nivel nacional e internacional\u201d, expres\u00f3 la Gobernadora.<\/p>\n\n\n\n<p>Para esta edici\u00f3n de las Fiestas de la Vendimia 2025, se tiene estimada la presencia de m\u00e1s de 12 mil asistentes, y se proyecta una derrama econ\u00f3mica&nbsp;de&nbsp;11.6 millones de pesos.<\/p>\n\n\n\n<p>La&nbsp;Secretaria&nbsp;de Turismo e Identidad de Guanajuato&nbsp;(SECTURI), Mar\u00eda Guadalupe Robles Le\u00f3n, resalt\u00f3 que esta agenda consolida&nbsp;a&nbsp;uno de los productos tur\u00edsticos m\u00e1s emblem\u00e1ticos del Valle de la Independencia y lo posiciona en el coraz\u00f3n de la tendencia nacional e internacional del turismo enol\u00f3gico y gastron\u00f3mico.<\/p>\n\n\n\n<p>Agreg\u00f3 que,&nbsp;desde el Gobierno de la Gente, a trav\u00e9s de la SECTURI, se impulsa una estrategia s\u00f3lida de desarrollo tur\u00edstico basada en la integraci\u00f3n del vino y la gastronom\u00eda,&nbsp;como ejes fundamentales de nuestro patrimonio vivo.&nbsp;<\/p>\n\n\n\n<p>En coordinaci\u00f3n con Uva y Vino de Guanajuato A.C., bodegas, vi\u00f1edos y prestadores de servicios, las vendimias se consolidan como espacios de encuentro entre la identidad guanajuatense, la econom\u00eda local y la innovaci\u00f3n tur\u00edstica.<\/p>\n\n\n\n<p>Robles Le\u00f3n destac\u00f3 que,&nbsp;en reconocimiento al desarrollo del sector vitivin\u00edcola en Guanajuato, que actualmente es el cuarto productor de vino y quinto en uva para vino en M\u00e9xico, la Asociaci\u00f3n de&nbsp;Sommeliers&nbsp;Mexicanos&nbsp;anunci\u00f3 que Guanajuato ser\u00e1 sede en 2026 de la celebraci\u00f3n del D\u00eda Internacional del&nbsp;Sommelier.<\/p>\n\n\n\n<p>Y se est\u00e1 trabajando para que Guanajuato sea sede en 2027 del evento&nbsp;Spirits&nbsp;Selection&nbsp;by&nbsp;CMB, que es un concurso internacional de bebidas espirituosas, que pondr\u00e1 nuevamente el nombre de Guanajuato en el \u00e1mbito internacional, agreg\u00f3.&nbsp;<\/p>\n\n\n\n<p>Resalt\u00f3 que la calidad de los vinos guanajuatenses ha sido reconocida internacionalmente: tan solo en 2024, Guanajuato obtuvo 24 medallas en el&nbsp;Concours&nbsp;Mondial&nbsp;de&nbsp;Bruxelles, posicion\u00e1ndose como el segundo estado m\u00e1s premiado del&nbsp;Pa\u00eds.<\/p>\n\n\n\n<p>Las Fiestas de la Vendimia son una expresi\u00f3n de nuestra riqueza cultural. En ellas convergen la hospitalidad de nuestra gente, la creatividad gastron\u00f3mica, la pasi\u00f3n vitivin\u00edcola y el compromiso con el desarrollo sostenible de las comunidades, dijo.<\/p>\n\n\n\n<p>Esta temporada se enmarca en la estrategia \u00abGuanajuato S\u00ed Sabe\u00bb, una plataforma que reconoce y potencia el valor del vino y la gastronom\u00eda como pilares del nuevo turismo en el estado.&nbsp;<\/p>\n\n\n\n<p>Adem\u00e1s, forma parte de la Temporada Gastron\u00f3mica Guanajuato, S\u00ed Sabe, donde los sabores&nbsp;tradicionales, contempor\u00e1neos y de autor,&nbsp;se encuentran con el vino para ofrecer una experiencia tur\u00edstica de alto nivel.<\/p>\n\n\n\n<p>El calendario de vendimias 2025 impulsa la diversificaci\u00f3n de productos tur\u00edsticos, promueve el consumo local, fortalece la ocupaci\u00f3n hotelera y visibiliza el talento de chefs,&nbsp;sommeliers, cocineras tradicionales, en\u00f3logos y emprendedores que dan vida a la Ruta del Vino.<\/p>\n\n\n\n<p>La Gobernadora apunt\u00f3 que,&nbsp;con estas acciones, Guanajuato reafirma su vocaci\u00f3n como tierra de vinos y sabores, como estado con identidad y visi\u00f3n de futuro. Un destino que, con orgullo, sabe a M\u00e9xico y se brinda al mundo.<\/p>\n\n\n\n<p><strong>Calendario Oficial de Vendimias Guanajuato<\/strong><\/p>\n\n\n\n<p><strong>1<\/strong><strong>.<\/strong><strong>&nbsp;Vi\u00f1edos P\u00e1jaro Azul<\/strong><strong>&nbsp;&#8211;&nbsp;<\/strong><strong>Guaname<\/strong><strong>, 9 de agosto, San Felipe<\/strong><strong>.<\/strong><\/p>\n\n\n\n<p><strong>2<\/strong><strong>.<\/strong><strong>&nbsp;Cuarta Fiesta del Vino, 9 y 10 de agosto, Dolores Hidalgo C.I.N.<\/strong><\/p>\n\n\n\n<p><strong>3<\/strong><strong>.<\/strong><strong>&nbsp;<\/strong><strong>Tercer<\/strong><strong>&nbsp;Festival de la Vendimia Universitaria, UTSMA, 15 de agosto, San Miguel de Allende.<\/strong><\/p>\n\n\n\n<p><strong>4<\/strong><strong>.<\/strong><strong>&nbsp;El Para\u00edso, 16 de agosto, Dolores Hidalgo C.I.N.<\/strong><\/p>\n\n\n\n<p><strong>5<\/strong><strong>.<\/strong><strong>&nbsp;San Bernardino, 23 de agosto, Dolores Hidalgo C.I.N.<\/strong><\/p>\n\n\n\n<p><strong>6<\/strong><strong>.<\/strong><strong>&nbsp;Vi\u00f1edo San Miguel, 30 de agosto, Comonfort.<\/strong><\/p>\n\n\n\n<p><strong>7<\/strong><strong>.<\/strong><strong>&nbsp;Tierra de Luz, 6 de septiembre, Le\u00f3n.<\/strong><\/p>\n\n\n\n<p><strong>8<\/strong><strong>.<\/strong><strong>&nbsp;San Jos\u00e9 Lavista, 6 de septiembre, San Miguel de Allende.<\/strong><\/p>\n\n\n\n<p><strong>9<\/strong><strong>.<\/strong><strong>&nbsp;Vi\u00f1edo&nbsp;<\/strong><strong>Toy<\/strong><strong>\u00e1<\/strong><strong>n<\/strong><strong>, 13 de septiembre, San Miguel de Allende.<\/strong><\/p>\n\n\n\n<p><strong>10<\/strong><strong>.<\/strong><strong>&nbsp;Los Arc\u00e1ngeles, 20 de septiembre, Dolores Hidalgo C.I.N.<\/strong><\/p>\n\n\n\n<p><strong>11<\/strong><strong>.<\/strong><strong>&nbsp;Santa Catalina, 4 de octubre, San Miguel de Allende.<\/strong><\/p>\n\n\n\n<p><strong>12<\/strong><strong>.<\/strong><strong>&nbsp;Vi\u00f1a&nbsp;<\/strong><strong>Gamar<\/strong><strong>, 11 de octubre, Dolores Hidalgo C.I.N.&nbsp;<\/strong><\/p>\n\n\n\n<p><strong>13<\/strong><strong>.<\/strong><strong>&nbsp;Museo del Vino, 18 de octubre, Dolores Hidalgo C.I.N.<\/strong><\/p>\n\n\n\n<p><strong>14<\/strong><strong>.<\/strong><strong>&nbsp;Mientras Tanto un Vino, edici\u00f3n oto\u00f1o, 18 y 19 de octubre, Silao.<\/strong><\/p>\n\n\n\n<p>En este evento se cont\u00f3 con la&nbsp;participaci\u00f3n del&nbsp;Director&nbsp;para Latinoam\u00e9rica y Norteam\u00e9rica del concurso mundial de Bruselas, Carlos Borboa,&nbsp;qui\u00e9n&nbsp;resalt\u00f3 que Guanajuato tiene cautivado al mundo de la vitivin\u00edcola por su calidad, lo cual se debe al impulso que le ha dado a este sector el Gobierno del Estado en coordinaci\u00f3n con los productores guanajuatenses.&nbsp;<\/p>\n\n\n\n<p>Adem\u00e1s,&nbsp;estuvieron el&nbsp;Presidente&nbsp;de Uva y Vino de Guanajuato, Ram\u00f3n V\u00e9lez, y la Directora General de Innovaci\u00f3n del Productos Tur\u00edstico de la Secretar\u00eda de Turismo del Gobierno de M\u00e9xico, Marcela Camacho Lozano; el Presidente de la Comisi\u00f3n de Turismo del Estado de Guanajuato, el diputado local Aldo M\u00e1rquez&nbsp;Becerrra; el representante del Gobierno de la Gente en la Ciudad de M\u00e9xico, Juan Carlos Altamirano Guti\u00e9rrez; y productores vitivin\u00edcolas.&nbsp;<\/p>\n","protected":false},"excerpt":{"rendered":"<p>Guanajuato consolida su liderazgo como destino&nbsp;enotur\u00edstico&nbsp;y gastron\u00f3mico de clase mundial con las&nbsp;Fiestas de la Vendimia que se van&nbsp;a realizar en 6 municipios del&nbsp;Estado en agosto y octubre de 2025. \u201cVengan a Guanajuato a vivir la experiencia del vino, los recibimos con los brazos abiertos\u201d, dijo la Gobernadora de&nbsp;la Gente, Libia Dennise Garc\u00eda Mu\u00f1oz Ledo,&nbsp;al&nbsp;encabezar la&#8230;<\/p>\n","protected":false},"author":1,"featured_media":6695,"comment_status":"open","ping_status":"closed","sticky":false,"template":"","format":"standard","meta":{"footnotes":""},"categories":[6,8],"tags":[],"class_list":["post-6694","post","type-post","status-publish","format-standard","has-post-thumbnail","hentry","category-estatal","category-irapuato"],"_links":{"self":[{"href":"https:\/\/primerplanoirapuato.com\/index.php\/wp-json\/wp\/v2\/posts\/6694","targetHints":{"allow":["GET"]}}],"collection":[{"href":"https:\/\/primerplanoirapuato.com\/index.php\/wp-json\/wp\/v2\/posts"}],"about":[{"href":"https:\/\/primerplanoirapuato.com\/index.php\/wp-json\/wp\/v2\/types\/post"}],"author":[{"embeddable":true,"href":"https:\/\/primerplanoirapuato.com\/index.php\/wp-json\/wp\/v2\/users\/1"}],"replies":[{"embeddable":true,"href":"https:\/\/primerplanoirapuato.com\/index.php\/wp-json\/wp\/v2\/comments?post=6694"}],"version-history":[{"count":0,"href":"https:\/\/primerplanoirapuato.com\/index.php\/wp-json\/wp\/v2\/posts\/6694\/revisions"}],"wp:featuredmedia":[{"embeddable":true,"href":"https:\/\/primerplanoirapuato.com\/index.php\/wp-json\/"}],"wp:attachment":[{"href":"https:\/\/primerplanoirapuato.com\/index.php\/wp-json\/wp\/v2\/media?parent=6694"}],"wp:term":[{"taxonomy":"category","embeddable":true,"href":"https:\/\/primerplanoirapuato.com\/index.php\/wp-json\/wp\/v2\/categories?post=6694"},{"taxonomy":"post_tag","embeddable":true,"href":"https:\/\/primerplanoirapuato.com\/index.php\/wp-json\/wp\/v2\/tags?post=6694"}],"curies":[{"name":"wp","href":"https:\/\/api.w.org\/{rel}","templated":true}]}}