{"id":6691,"date":"2025-06-18T04:27:57","date_gmt":"2025-06-18T04:27:57","guid":{"rendered":"https:\/\/primerplanoirapuato.com\/?p=6691"},"modified":"2025-06-18T04:27:57","modified_gmt":"2025-06-18T04:27:57","slug":"regidores-de-morena-inician-programa-martes-de-regidores-en-tu-colonia-en-irapuato","status":"publish","type":"post","link":"https:\/\/primerplanoirapuato.com\/index.php\/2025\/06\/18\/regidores-de-morena-inician-programa-martes-de-regidores-en-tu-colonia-en-irapuato\/","title":{"rendered":"Regidores de Morena inician programa \u201cMartes de Regidores en tu Colonia\u201d en Irapuato"},"content":{"rendered":"\n<p>Con la intenci\u00f3n de acercarse a la ciudadan\u00eda y atender de primera mano sus necesidades, los regidores de Morena,&nbsp;<strong>Elvia Aguado L\u00f3pez<\/strong>&nbsp;e Ignacio Morales Rojas, pusieron en marcha el programa \u201cMartes de Regidores de Morena en tu Colonia\u201d.<\/p>\n\n\n\n<p>La primera jornada se llev\u00f3 a cabo la tarde de este martes en las colonias&nbsp;Jardines de la&nbsp;Hacienda yConstituci\u00f3n de&nbsp;Apatzing\u00e1n.<\/p>\n\n\n\n<p>Los ediles sostuvieron reuniones p\u00fablicas con vecinos para escuchar sus inquietudes y planteamientos, relacionados con la falta de servicios, pavimentaci\u00f3n, entre otros.<\/p>\n\n\n\n<p>Durante el encuentro, los regidores tomaron nota de diversas solicitudes&nbsp;que plantearon los colonos.<\/p>\n\n\n\n<p>La regidora&nbsp;<strong>Elvia Aguado<\/strong>&nbsp;recalc\u00f3 que el&nbsp;objetivo es conformar expedientes que permitan dar seguimiento a las peticiones ante las instancias correspondientes.<\/p>\n\n\n\n<p>\u201cMartes de Regidores de Morena en tu Colonia\u201d busca convertirse en un espacio permanente de di\u00e1logo directo entre representantes y ciudadan\u00eda, para facilitar gestiones y dar voz a las problem\u00e1ticas locales.<\/p>\n\n\n\n<p>Elvia Aguado L\u00f3pez e Ignacio Morales respaldaron con su firma los documentos presentados por los colonos, con la intenci\u00f3n de promover&nbsp;sus peticionesdentro del Cabildo y ante las \u00e1reas del gobierno municipal.<\/p>\n\n\n\n<p>Los regidores morenistas destacaron la importancia de la organizaci\u00f3n vecinal como herramienta para fortalecer el poder ciudadano desde lo local.<\/p>\n\n\n\n<p>Con este programa, los representantes de Morena pretenden generar conciencia social y fomentar la participaci\u00f3n activa de los habitantes en la toma de decisiones.<\/p>\n","protected":false},"excerpt":{"rendered":"<p>Con la intenci\u00f3n de acercarse a la ciudadan\u00eda y atender de primera mano sus necesidades, los regidores de Morena,&nbsp;Elvia Aguado L\u00f3pez&nbsp;e Ignacio Morales Rojas, pusieron en marcha el programa \u201cMartes de Regidores de Morena en tu Colonia\u201d. La primera jornada se llev\u00f3 a cabo la tarde de este martes en las colonias&nbsp;Jardines de la&nbsp;Hacienda yConstituci\u00f3n&#8230;<\/p>\n","protected":false},"author":1,"featured_media":6692,"comment_status":"open","ping_status":"closed","sticky":false,"template":"","format":"standard","meta":{"footnotes":""},"categories":[6,8],"tags":[],"class_list":["post-6691","post","type-post","status-publish","format-standard","has-post-thumbnail","hentry","category-estatal","category-irapuato"],"_links":{"self":[{"href":"https:\/\/primerplanoirapuato.com\/index.php\/wp-json\/wp\/v2\/posts\/6691","targetHints":{"allow":["GET"]}}],"collection":[{"href":"https:\/\/primerplanoirapuato.com\/index.php\/wp-json\/wp\/v2\/posts"}],"about":[{"href":"https:\/\/primerplanoirapuato.com\/index.php\/wp-json\/wp\/v2\/types\/post"}],"author":[{"embeddable":true,"href":"https:\/\/primerplanoirapuato.com\/index.php\/wp-json\/wp\/v2\/users\/1"}],"replies":[{"embeddable":true,"href":"https:\/\/primerplanoirapuato.com\/index.php\/wp-json\/wp\/v2\/comments?post=6691"}],"version-history":[{"count":0,"href":"https:\/\/primerplanoirapuato.com\/index.php\/wp-json\/wp\/v2\/posts\/6691\/revisions"}],"wp:featuredmedia":[{"embeddable":true,"href":"https:\/\/primerplanoirapuato.com\/index.php\/wp-json\/"}],"wp:attachment":[{"href":"https:\/\/primerplanoirapuato.com\/index.php\/wp-json\/wp\/v2\/media?parent=6691"}],"wp:term":[{"taxonomy":"category","embeddable":true,"href":"https:\/\/primerplanoirapuato.com\/index.php\/wp-json\/wp\/v2\/categories?post=6691"},{"taxonomy":"post_tag","embeddable":true,"href":"https:\/\/primerplanoirapuato.com\/index.php\/wp-json\/wp\/v2\/tags?post=6691"}],"curies":[{"name":"wp","href":"https:\/\/api.w.org\/{rel}","templated":true}]}}