{"id":6608,"date":"2025-06-14T20:16:27","date_gmt":"2025-06-14T20:16:27","guid":{"rendered":"https:\/\/primerplanoirapuato.com\/?p=6608"},"modified":"2025-06-14T20:16:27","modified_gmt":"2025-06-14T20:16:27","slug":"concluye-con-exito-curso-de-barberia","status":"publish","type":"post","link":"https:\/\/primerplanoirapuato.com\/index.php\/2025\/06\/14\/concluye-con-exito-curso-de-barberia\/","title":{"rendered":"CONCLUYE CON \u00c9XITO CURSO DE BARBER\u00cdA"},"content":{"rendered":"\n<p>Con el objetivo de brindar a poblaci\u00f3n en condici\u00f3n de vulnerabilidad una oportunidad para construir un proyecto de vida, el Gobierno Municipal, encabezado por la presidenta Lorena Alfaro, impuls\u00f3 el Curso de Barber\u00eda 2025, que cont\u00f3 con 139 alumnos.<\/p>\n\n\n\n<p>El prop\u00f3sito fue dotarlos de un oficio que les permita integrarse a la vida laboral o emprender su propio negocio, tal es el caso de Alexis Mart\u00ednez, quien al concluir su participaci\u00f3n hizo un llamado a otros j\u00f3venes para que se sumen, destacando que, adem\u00e1s de aprender, se generan amistades en un ambiente de sana convivencia.<\/p>\n\n\n\n<p>\u201cEst\u00e1 abierto a todos los j\u00f3venes que quieran participar. A m\u00ed se me hizo una buena opci\u00f3n entrar al curso. A lo mejor al principio piensas que por el tiempo se te va a hacer dif\u00edcil, pero ya estando dentro, lo disfrutas\u201d, comparti\u00f3.<\/p>\n\n\n\n<p>Por su parte, Jaime Negrete, otro de los alumnos, destac\u00f3 la profesionalidad con la que se imparti\u00f3 el curso, lo cual permiti\u00f3 que los participantes desarrollar\u00e1n su talento en este oficio. Adem\u00e1s, recomend\u00f3 este tipo de capacitaciones como una alternativa para que las y los j\u00f3venes se mantengan ocupados y alejados del ocio.<\/p>\n\n\n\n<p>\u201cLa verdad es que los promotores y profesores son personas muy cercanas, que te tienden la mano. El sentido humano que tienen es muy amplio. Veo mucho talento en todos los j\u00f3venes que estuvieron en el curso. La verdad es que se los recomiendo; en lugar de estar en las calles sin hacer nada, esto les da una oportunidad\u201d, puntualiz\u00f3.<\/p>\n\n\n\n<p>Jaime agradeci\u00f3 al Gobierno Municipal por la oportunidad de autoemplearse, ya que, por motivos de salud, no contaba con un trabajo. Asegur\u00f3 que, gracias al apoyo y a los conocimientos adquiridos, ahora cuenta con las bases para ejercer el oficio de barber\u00eda.<\/p>\n\n\n\n<p>Durante la capacitaci\u00f3n, las y los alumnos aprendieron t\u00e9cnicas de corte con m\u00e1quina y tijera, tales como: corte cl\u00e1sico, desvanecidos alto, bajo y medio, marcado de cejas, patillas, encuadres, entre otras.<\/p>\n\n\n\n<p>El curso tuvo una duraci\u00f3n de 420 horas y fue impartido en las instalaciones del CECATI, as\u00ed como en los centros sociales de las colonias Bernardo Cobos, INFONAVIT-Solidaridad y Che Guevara.<\/p>\n","protected":false},"excerpt":{"rendered":"<p>Con el objetivo de brindar a poblaci\u00f3n en condici\u00f3n de vulnerabilidad una oportunidad para construir un proyecto de vida, el Gobierno Municipal, encabezado por la presidenta Lorena Alfaro, impuls\u00f3 el Curso de Barber\u00eda 2025, que cont\u00f3 con 139 alumnos. El prop\u00f3sito fue dotarlos de un oficio que les permita integrarse a la vida laboral o&#8230;<\/p>\n","protected":false},"author":1,"featured_media":6609,"comment_status":"open","ping_status":"closed","sticky":false,"template":"","format":"standard","meta":{"footnotes":""},"categories":[8],"tags":[],"class_list":["post-6608","post","type-post","status-publish","format-standard","has-post-thumbnail","hentry","category-irapuato"],"_links":{"self":[{"href":"https:\/\/primerplanoirapuato.com\/index.php\/wp-json\/wp\/v2\/posts\/6608","targetHints":{"allow":["GET"]}}],"collection":[{"href":"https:\/\/primerplanoirapuato.com\/index.php\/wp-json\/wp\/v2\/posts"}],"about":[{"href":"https:\/\/primerplanoirapuato.com\/index.php\/wp-json\/wp\/v2\/types\/post"}],"author":[{"embeddable":true,"href":"https:\/\/primerplanoirapuato.com\/index.php\/wp-json\/wp\/v2\/users\/1"}],"replies":[{"embeddable":true,"href":"https:\/\/primerplanoirapuato.com\/index.php\/wp-json\/wp\/v2\/comments?post=6608"}],"version-history":[{"count":0,"href":"https:\/\/primerplanoirapuato.com\/index.php\/wp-json\/wp\/v2\/posts\/6608\/revisions"}],"wp:featuredmedia":[{"embeddable":true,"href":"https:\/\/primerplanoirapuato.com\/index.php\/wp-json\/"}],"wp:attachment":[{"href":"https:\/\/primerplanoirapuato.com\/index.php\/wp-json\/wp\/v2\/media?parent=6608"}],"wp:term":[{"taxonomy":"category","embeddable":true,"href":"https:\/\/primerplanoirapuato.com\/index.php\/wp-json\/wp\/v2\/categories?post=6608"},{"taxonomy":"post_tag","embeddable":true,"href":"https:\/\/primerplanoirapuato.com\/index.php\/wp-json\/wp\/v2\/tags?post=6608"}],"curies":[{"name":"wp","href":"https:\/\/api.w.org\/{rel}","templated":true}]}}