{"id":6588,"date":"2025-06-13T22:04:04","date_gmt":"2025-06-13T22:04:04","guid":{"rendered":"https:\/\/primerplanoirapuato.com\/?p=6588"},"modified":"2025-06-13T22:04:04","modified_gmt":"2025-06-13T22:04:04","slug":"clausura-job-gallardo-ciclo-escolar-del-sabes","status":"publish","type":"post","link":"https:\/\/primerplanoirapuato.com\/index.php\/2025\/06\/13\/clausura-job-gallardo-ciclo-escolar-del-sabes\/","title":{"rendered":"Clausura Job Gallardo ciclo escolar del SABES"},"content":{"rendered":"\n<p>Este viernes se llev\u00f3 a cabo la ceremonia de clausura del ciclo escolar del SABES Cabecera Abasolo, donde se reconoci\u00f3 el esfuerzo, constancia y dedicaci\u00f3n de los alumnos que concluyen esta importante etapa de su formaci\u00f3n acad\u00e9mica.<\/p>\n\n\n\n<p>El evento cont\u00f3 con la presencia de autoridades escolares, personal docente, padres de familia y el&nbsp;Presidente&nbsp;Municipal de Abasolo, Lic. Job Eduardo&nbsp;Gallardo, quienes acompa\u00f1aron a los j\u00f3venes en este momento significativo.<\/p>\n\n\n\n<p>Durante la ceremonia se compartieron palabras de felicitaci\u00f3n y motivaci\u00f3n dirigidas a los egresados, resaltando la importancia de continuar prepar\u00e1ndose y de seguir luchando por sus metas. Tambi\u00e9n se destac\u00f3 que la educaci\u00f3n es una herramienta clave para transformar positivamente la vida personal y contribuir al desarrollo de la comunidad.<\/p>\n\n\n\n<p>Asimismo, se realizaron entregas de reconocimientos y se vivieron momentos de emoci\u00f3n y orgullo, marcando el cierre de una etapa y el inicio de nuevos retos para los j\u00f3venes&nbsp;abasolenses.<\/p>\n\n\n\n<p>El Gobierno Municipal reitera su compromiso con la educaci\u00f3n y felicita a los egresados, dese\u00e1ndoles el mayor de los \u00e9xitos en esta nueva etapa.<\/p>\n","protected":false},"excerpt":{"rendered":"<p>Este viernes se llev\u00f3 a cabo la ceremonia de clausura del ciclo escolar del SABES Cabecera Abasolo, donde se reconoci\u00f3 el esfuerzo, constancia y dedicaci\u00f3n de los alumnos que concluyen esta importante etapa de su formaci\u00f3n acad\u00e9mica. El evento cont\u00f3 con la presencia de autoridades escolares, personal docente, padres de familia y el&nbsp;Presidente&nbsp;Municipal de Abasolo,&#8230;<\/p>\n","protected":false},"author":1,"featured_media":6589,"comment_status":"open","ping_status":"closed","sticky":false,"template":"","format":"standard","meta":{"footnotes":""},"categories":[8],"tags":[],"class_list":["post-6588","post","type-post","status-publish","format-standard","has-post-thumbnail","hentry","category-irapuato"],"_links":{"self":[{"href":"https:\/\/primerplanoirapuato.com\/index.php\/wp-json\/wp\/v2\/posts\/6588","targetHints":{"allow":["GET"]}}],"collection":[{"href":"https:\/\/primerplanoirapuato.com\/index.php\/wp-json\/wp\/v2\/posts"}],"about":[{"href":"https:\/\/primerplanoirapuato.com\/index.php\/wp-json\/wp\/v2\/types\/post"}],"author":[{"embeddable":true,"href":"https:\/\/primerplanoirapuato.com\/index.php\/wp-json\/wp\/v2\/users\/1"}],"replies":[{"embeddable":true,"href":"https:\/\/primerplanoirapuato.com\/index.php\/wp-json\/wp\/v2\/comments?post=6588"}],"version-history":[{"count":0,"href":"https:\/\/primerplanoirapuato.com\/index.php\/wp-json\/wp\/v2\/posts\/6588\/revisions"}],"wp:featuredmedia":[{"embeddable":true,"href":"https:\/\/primerplanoirapuato.com\/index.php\/wp-json\/"}],"wp:attachment":[{"href":"https:\/\/primerplanoirapuato.com\/index.php\/wp-json\/wp\/v2\/media?parent=6588"}],"wp:term":[{"taxonomy":"category","embeddable":true,"href":"https:\/\/primerplanoirapuato.com\/index.php\/wp-json\/wp\/v2\/categories?post=6588"},{"taxonomy":"post_tag","embeddable":true,"href":"https:\/\/primerplanoirapuato.com\/index.php\/wp-json\/wp\/v2\/tags?post=6588"}],"curies":[{"name":"wp","href":"https:\/\/api.w.org\/{rel}","templated":true}]}}