{"id":6584,"date":"2025-06-13T22:00:20","date_gmt":"2025-06-13T22:00:20","guid":{"rendered":"https:\/\/primerplanoirapuato.com\/?p=6584"},"modified":"2025-06-13T22:00:20","modified_gmt":"2025-06-13T22:00:20","slug":"firma-de-convenio-tu-puedes-guanajuato-en-abasolo","status":"publish","type":"post","link":"https:\/\/primerplanoirapuato.com\/index.php\/2025\/06\/13\/firma-de-convenio-tu-puedes-guanajuato-en-abasolo\/","title":{"rendered":"Firma de Convenio \u201cT\u00fa\u00a0puedes Guanajuato\u201d en Abasolo"},"content":{"rendered":"\n<p>En Abasolo, Guanajuato se llev\u00f3 a cabo la firma del Convenio de Colaboraci\u00f3n y la apertura de la Ventanilla de Atenci\u00f3n \u201cT\u00fa Puedes Guanajuato\u201d, un espacio dise\u00f1ado para brindar orientaci\u00f3n, atenci\u00f3n y acompa\u00f1amiento a las y los ciudadanos interesados en emprender o fortalecer sus negocios.<\/p>\n\n\n\n<p>En el evento estuvo presente&nbsp;el&nbsp;PresidenteMunicipal Job Eduardo&nbsp;Gallardo, la Directora General de la Financiera y Apoyos T\u00fa Puedes Guanajuato Iv\u00f3n Padilla Hern\u00e1ndez, el Secretario del Ayuntamiento Gerardo Alvarado Ceballos y el Director de Desarrollo Econ\u00f3mico y Turismo Jos\u00e9 Luis Vaca P\u00e9rez.<\/p>\n\n\n\n<p>Durante su mensaje, el&nbsp;Presidente&nbsp;Municipal destac\u00f3 que esta ventanilla representa una oportunidad para fomentar el crecimiento econ\u00f3mico desde lo local, acercando programas y herramientas que anteriormente no estaban al alcance de todos. Se\u00f1al\u00f3 que el gobierno municipal trabaja para que las y los ciudadanos cuenten con los medios necesarios para construir un futuro con mejores oportunidades.<\/p>\n\n\n\n<p>Por su parte, la&nbsp;Directora General&nbsp;de la Financiera \u201cT\u00fa Puedes Guanajuato\u201d subray\u00f3 el compromiso del Gobierno del Estado con la inclusi\u00f3n financiera, ofreciendo orientaci\u00f3n personalizada, esquemas de financiamiento accesibles y capacitaci\u00f3n, todo en un solo lugar.<\/p>\n\n\n\n<p>Tras la firma del convenio, se llev\u00f3 a cabo el corte simb\u00f3lico de list\u00f3n con la participaci\u00f3n de las autoridades presentes y algunos ciudadanos, marcando as\u00ed el inicio oficial de operaciones de esta nueva ventanilla que estar\u00e1 al servicio de la poblaci\u00f3n.<\/p>\n","protected":false},"excerpt":{"rendered":"<p>En Abasolo, Guanajuato se llev\u00f3 a cabo la firma del Convenio de Colaboraci\u00f3n y la apertura de la Ventanilla de Atenci\u00f3n \u201cT\u00fa Puedes Guanajuato\u201d, un espacio dise\u00f1ado para brindar orientaci\u00f3n, atenci\u00f3n y acompa\u00f1amiento a las y los ciudadanos interesados en emprender o fortalecer sus negocios. En el evento estuvo presente&nbsp;el&nbsp;PresidenteMunicipal Job Eduardo&nbsp;Gallardo, la Directora General&#8230;<\/p>\n","protected":false},"author":1,"featured_media":6586,"comment_status":"open","ping_status":"closed","sticky":false,"template":"","format":"standard","meta":{"footnotes":""},"categories":[8],"tags":[],"class_list":["post-6584","post","type-post","status-publish","format-standard","has-post-thumbnail","hentry","category-irapuato"],"_links":{"self":[{"href":"https:\/\/primerplanoirapuato.com\/index.php\/wp-json\/wp\/v2\/posts\/6584","targetHints":{"allow":["GET"]}}],"collection":[{"href":"https:\/\/primerplanoirapuato.com\/index.php\/wp-json\/wp\/v2\/posts"}],"about":[{"href":"https:\/\/primerplanoirapuato.com\/index.php\/wp-json\/wp\/v2\/types\/post"}],"author":[{"embeddable":true,"href":"https:\/\/primerplanoirapuato.com\/index.php\/wp-json\/wp\/v2\/users\/1"}],"replies":[{"embeddable":true,"href":"https:\/\/primerplanoirapuato.com\/index.php\/wp-json\/wp\/v2\/comments?post=6584"}],"version-history":[{"count":0,"href":"https:\/\/primerplanoirapuato.com\/index.php\/wp-json\/wp\/v2\/posts\/6584\/revisions"}],"wp:featuredmedia":[{"embeddable":true,"href":"https:\/\/primerplanoirapuato.com\/index.php\/wp-json\/"}],"wp:attachment":[{"href":"https:\/\/primerplanoirapuato.com\/index.php\/wp-json\/wp\/v2\/media?parent=6584"}],"wp:term":[{"taxonomy":"category","embeddable":true,"href":"https:\/\/primerplanoirapuato.com\/index.php\/wp-json\/wp\/v2\/categories?post=6584"},{"taxonomy":"post_tag","embeddable":true,"href":"https:\/\/primerplanoirapuato.com\/index.php\/wp-json\/wp\/v2\/tags?post=6584"}],"curies":[{"name":"wp","href":"https:\/\/api.w.org\/{rel}","templated":true}]}}