{"id":6571,"date":"2025-06-12T21:28:10","date_gmt":"2025-06-12T21:28:10","guid":{"rendered":"https:\/\/primerplanoirapuato.com\/?p=6571"},"modified":"2025-06-12T21:28:10","modified_gmt":"2025-06-12T21:28:10","slug":"exigen-transparencia-en-recortes-presupuestales-y-proteger-el-gasto-social","status":"publish","type":"post","link":"https:\/\/primerplanoirapuato.com\/index.php\/2025\/06\/12\/exigen-transparencia-en-recortes-presupuestales-y-proteger-el-gasto-social\/","title":{"rendered":"Exigen transparencia en recortes presupuestales y proteger el gasto social"},"content":{"rendered":"\n<p>Las diputadas y los diputados locales del PAN y PRD propusieron exhortar a la Secretar\u00eda de Hacienda y Cr\u00e9dito P\u00fablico, para que informe p\u00fablicamente las razones detr\u00e1s de los ajustes del gasto observados durante el primer cuatrimestre del a\u00f1o, particularmente en \u00e1reas esenciales como salud, educaci\u00f3n, trabajo, atenci\u00f3n consular, desarrollo territorial y medio ambiente.<\/p>\n\n\n\n<p>En su intervenci\u00f3n, la diputada Ana Mar\u00eda Esquivel Arrona advirti\u00f3 que los recortes reportados en el Informe sobre Finanzas P\u00fablicas del primer cuatrimestre no pueden interpretarse como simples ajustes t\u00e9cnicos, pues una ca\u00edda superior al 7\u202f% en programas presupuestarios es una se\u00f1al preocupante sobre las prioridades del gobierno.<\/p>\n\n\n\n<p>Asimismo, alert\u00f3 sobre diferencia negativas del 20\u202f% en funciones clave como educaci\u00f3n, salud, bienestar y desarrollo territorial y de un 60\u202f% en trabajo y previsi\u00f3n social, lo cual dijo, comprometen la operatividad de programas indispensables para la poblaci\u00f3n m\u00e1s vulnerable.<\/p>\n\n\n\n<p>Esquivel Arrona enfatiz\u00f3 que estas reducciones no se justifican por una baja en ingresos, pues estos crecieron en el mismo periodo. Por ello, cuestion\u00f3 la l\u00f3gica detr\u00e1s de los ajustes y llam\u00f3 a evitar que el equilibrio fiscal se logre a costa del deterioro social.<\/p>\n\n\n\n<p>\u201cOjal\u00e1 que quienes se dicen defensores de los derechos sociales encuentren el valor de dejar a un lado sus banderas partidistas y con honestidad pongan por delante los principios que dicen defender, que tengan el coraje de alzar la voz cuando una administraci\u00f3n federal decide cargarle el gasto social al costo de su propia irresponsabilidad fiscal, porque el silencio en estos momentos tambi\u00e9n es una forma de denuncia\u201d, finaliz\u00f3.<\/p>\n","protected":false},"excerpt":{"rendered":"<p>Las diputadas y los diputados locales del PAN y PRD propusieron exhortar a la Secretar\u00eda de Hacienda y Cr\u00e9dito P\u00fablico, para que informe p\u00fablicamente las razones detr\u00e1s de los ajustes del gasto observados durante el primer cuatrimestre del a\u00f1o, particularmente en \u00e1reas esenciales como salud, educaci\u00f3n, trabajo, atenci\u00f3n consular, desarrollo territorial y medio ambiente. En&#8230;<\/p>\n","protected":false},"author":1,"featured_media":6572,"comment_status":"open","ping_status":"closed","sticky":false,"template":"","format":"standard","meta":{"footnotes":""},"categories":[6],"tags":[],"class_list":["post-6571","post","type-post","status-publish","format-standard","has-post-thumbnail","hentry","category-estatal"],"_links":{"self":[{"href":"https:\/\/primerplanoirapuato.com\/index.php\/wp-json\/wp\/v2\/posts\/6571","targetHints":{"allow":["GET"]}}],"collection":[{"href":"https:\/\/primerplanoirapuato.com\/index.php\/wp-json\/wp\/v2\/posts"}],"about":[{"href":"https:\/\/primerplanoirapuato.com\/index.php\/wp-json\/wp\/v2\/types\/post"}],"author":[{"embeddable":true,"href":"https:\/\/primerplanoirapuato.com\/index.php\/wp-json\/wp\/v2\/users\/1"}],"replies":[{"embeddable":true,"href":"https:\/\/primerplanoirapuato.com\/index.php\/wp-json\/wp\/v2\/comments?post=6571"}],"version-history":[{"count":0,"href":"https:\/\/primerplanoirapuato.com\/index.php\/wp-json\/wp\/v2\/posts\/6571\/revisions"}],"wp:featuredmedia":[{"embeddable":true,"href":"https:\/\/primerplanoirapuato.com\/index.php\/wp-json\/"}],"wp:attachment":[{"href":"https:\/\/primerplanoirapuato.com\/index.php\/wp-json\/wp\/v2\/media?parent=6571"}],"wp:term":[{"taxonomy":"category","embeddable":true,"href":"https:\/\/primerplanoirapuato.com\/index.php\/wp-json\/wp\/v2\/categories?post=6571"},{"taxonomy":"post_tag","embeddable":true,"href":"https:\/\/primerplanoirapuato.com\/index.php\/wp-json\/wp\/v2\/tags?post=6571"}],"curies":[{"name":"wp","href":"https:\/\/api.w.org\/{rel}","templated":true}]}}