{"id":641,"date":"2024-06-19T21:25:10","date_gmt":"2024-06-19T21:25:10","guid":{"rendered":"http:\/\/www.primerplanoirapuato.com\/?p=35830"},"modified":"2024-06-19T21:25:10","modified_gmt":"2024-06-19T21:25:10","slug":"levantan-a-responsable-del-911-de-cortazar","status":"publish","type":"post","link":"https:\/\/primerplanoirapuato.com\/index.php\/2024\/06\/19\/levantan-a-responsable-del-911-de-cortazar\/","title":{"rendered":"Levantan a responsable del 911 de Cortazar"},"content":{"rendered":"\n<p><\/p>\n\n\n\n<p>Flor de Mar\u00eda Ju\u00e1rez Garc\u00eda, coordinadora del 911 en Cortazar, fue privada de la libertad en su domicilio este mi\u00e9rcoles, generando una alerta de b\u00fasqueda inmediata.<\/p>\n\n\n\n<p>El suceso ocurri\u00f3 esta ma\u00f1ana cuando Ju\u00e1rez Garc\u00eda fue llevada a la fuerza desde su casa. <br><\/p>\n\n\n\n<p>En respuesta a estos hechos, las autoridades han activado una alerta de b\u00fasqueda y est\u00e1n llevando a cabo operativos para localizarla.<\/p>\n\n\n\n<p>Hasta el momento, se desconoce el paradero de la funcionaria. <br><\/p>\n\n\n\n<p>Las autoridades locales est\u00e1n intensificando los esfuerzos de b\u00fasqueda y se espera que en las pr\u00f3ximas horas se proporcionen m\u00e1s detalles sobre el avance de las investigaciones y las acciones emprendidas para su pronta localizaci\u00f3n.<\/p>\n\n\n\n<p><\/p>\n\n\n\n<p><br><\/p>\n\n\n\n<p><\/p>\n\n\n\n<p><\/p>\n","protected":false},"excerpt":{"rendered":"<p>Flor de Mar\u00eda Ju\u00e1rez Garc\u00eda, coordinadora del 911 en Cortazar, fue privada de la libertad en su domicilio este mi\u00e9rcoles, generando una alerta de b\u00fasqueda inmediata. El suceso ocurri\u00f3 esta ma\u00f1ana cuando Ju\u00e1rez Garc\u00eda fue llevada a la fuerza desde su casa. En respuesta a estos hechos, las autoridades han activado una alerta de b\u00fasqueda&#8230;<\/p>\n","protected":false},"author":1,"featured_media":642,"comment_status":"closed","ping_status":"closed","sticky":false,"template":"","format":"standard","meta":{"footnotes":""},"categories":[7],"tags":[],"class_list":["post-641","post","type-post","status-publish","format-standard","has-post-thumbnail","hentry","category-guanajuato-rojo"],"_links":{"self":[{"href":"https:\/\/primerplanoirapuato.com\/index.php\/wp-json\/wp\/v2\/posts\/641","targetHints":{"allow":["GET"]}}],"collection":[{"href":"https:\/\/primerplanoirapuato.com\/index.php\/wp-json\/wp\/v2\/posts"}],"about":[{"href":"https:\/\/primerplanoirapuato.com\/index.php\/wp-json\/wp\/v2\/types\/post"}],"author":[{"embeddable":true,"href":"https:\/\/primerplanoirapuato.com\/index.php\/wp-json\/wp\/v2\/users\/1"}],"replies":[{"embeddable":true,"href":"https:\/\/primerplanoirapuato.com\/index.php\/wp-json\/wp\/v2\/comments?post=641"}],"version-history":[{"count":0,"href":"https:\/\/primerplanoirapuato.com\/index.php\/wp-json\/wp\/v2\/posts\/641\/revisions"}],"wp:featuredmedia":[{"embeddable":true,"href":"https:\/\/primerplanoirapuato.com\/index.php\/wp-json\/"}],"wp:attachment":[{"href":"https:\/\/primerplanoirapuato.com\/index.php\/wp-json\/wp\/v2\/media?parent=641"}],"wp:term":[{"taxonomy":"category","embeddable":true,"href":"https:\/\/primerplanoirapuato.com\/index.php\/wp-json\/wp\/v2\/categories?post=641"},{"taxonomy":"post_tag","embeddable":true,"href":"https:\/\/primerplanoirapuato.com\/index.php\/wp-json\/wp\/v2\/tags?post=641"}],"curies":[{"name":"wp","href":"https:\/\/api.w.org\/{rel}","templated":true}]}}