{"id":5819,"date":"2025-05-13T21:04:55","date_gmt":"2025-05-13T21:04:55","guid":{"rendered":"https:\/\/primerplanoirapuato.com\/?p=5819"},"modified":"2025-05-13T21:04:55","modified_gmt":"2025-05-13T21:04:55","slug":"inauguran-segunda-temporada-de-exposiciones-del-centro-cultural-santa-fe","status":"publish","type":"post","link":"https:\/\/primerplanoirapuato.com\/index.php\/2025\/05\/13\/inauguran-segunda-temporada-de-exposiciones-del-centro-cultural-santa-fe\/","title":{"rendered":"Inauguran segunda temporada de exposiciones del Centro Cultural Santa Fe"},"content":{"rendered":"\n<p><strong>Guanajuato, Gto. \u2013&nbsp;<\/strong>&nbsp;Este d\u00eda, se llev\u00f3 a cabo la inauguraci\u00f3n de la segunda temporada de exposiciones del Centro Cultural Santa Fe, en la que destaca la firma del convenio entre el Congreso del Estado de Guanajuato y Arte &amp; Cultura del Centro Ricardo B. Salinas Pliego, en colaboraci\u00f3n con el Comit\u00e9 de Operadores de Grupo Salinas, para la realizaci\u00f3n de la exposici\u00f3n \u201cFotograf\u00edas de M\u00e9xico (1932-1933)\u201d que re\u00fane una serie de im\u00e1genes captadas en nuestro pa\u00eds por Paul Strand, fot\u00f3grafo considerado entre los m\u00e1s importantes del siglo XX.<\/p>\n\n\n\n<p>Su obra, es una invitaci\u00f3n al p\u00fablico para redescubrir escenas de la vida cotidiana de nuestros antepasados, tras un recorrido entre 1933 y 1934 por diversas comunidades en la que sobresalen tres ejes tem\u00e1ticos: el paisaje, la arquitectura \u2013civil y religiosa\u2013 y los retratos, que confirman el poder de la fotograf\u00eda para contar historias y preservar nuestra identidad cultural.<\/p>\n\n\n\n<p>Esta nueva temporada tambi\u00e9n incluye las muestras art\u00edsticas y culturales de talento local con las exposiciones \u201cDibujando con valores\u201d, \u201cPentagr\u00e1fico\u201d, \u201cRa\u00edces de luz\u201d y \u201cFragmentos de un recuerdo espinal\u201d.&nbsp;<\/p>\n\n\n\n<p>En su mensaje, la presidenta del Congreso del Estado de Guanajuato, la diputada Miriam Reyes Carmona, se\u00f1al\u00f3 que la colaboraci\u00f3n entre el Poder Legislativo del Estado de Guanajuato y Grupo Salinas es una alianza estrat\u00e9gica con la finalidad de impulsar programas, actividades y proyectos culturales que fomenten la participaci\u00f3n ciudadana, y fortalezcan nuestro tejido social.<\/p>\n\n\n\n<p>Al hacer uso de la voz, el presidente de la Junta de Gobierno y Coordinaci\u00f3n Pol\u00edtica, el legislador Jorge Arturo Espadas Galv\u00e1n, subray\u00f3 la colaboraci\u00f3n de diversos actores en la realizaci\u00f3n de muestras culturales, destacando su objetivo de hacer que todas las personas y sectores de Guanajuato tengan acceso al arte y la cultura, donde el reto ahora es trascender los muros del Congreso del Estado, con el fin de seguir innovando y expandiendo la presencia cultural a cada rinc\u00f3n de la entidad.<\/p>\n\n\n\n<p>En su intervenci\u00f3n, la congresista Martha Edith Moreno Valencia enfatiz\u00f3 que la cultura constituye un derecho fundamental que debe ser accesible para cada ciudadano con la gesti\u00f3n de espacios y la celebraci\u00f3n de convenios, buscando activamente los mecanismos y herramientas que garanticen las condiciones para que nadie se vea privado de la oportunidad de vivir una vida cercana al arte y la cultura.<\/p>\n\n\n\n<p>Por su parte, \u00c1lvaro Hegewisch, director ejecutivo de Arte y Cultura del Centro Ricardo B. Salinas Pliego, manifest\u00f3 que la instituci\u00f3n que representa tiene el compromiso con la prosperidad bajo cuatro ejes: desarrollo econ\u00f3mico, social, ambiental y de la cultura. Agreg\u00f3 que la alianza estrat\u00e9gica comparte la visi\u00f3n del derecho a la cultura y del impulso a la creatividad, al conocimiento de la historia y buscar un futuro mejor.<\/p>\n\n\n\n<p>Finalmente, Samantha Smith Guerrero, presidenta municipal de Guanajuato, destac\u00f3 la capacidad del arte y la cultura para evocar nuevas perspectivas y fomentar la reflexi\u00f3n sobre la existencia humana y el comportamiento. Asimismo, extendi\u00f3 su felicitaci\u00f3n a los expositores por compartir sus obras, revelando sus particulares visiones del mundo y su dedicaci\u00f3n a la sociedad.<\/p>\n\n\n\n<p>La inauguraci\u00f3n de la exposici\u00f3n marca el inicio de una importante alianza entre el Congreso del Estado de Guanajuato y el Centro Cultural Santa Fe, con Arte &amp; Cultura del Centro Ricardo B. Salinas Pliego y el Comit\u00e9 de Operadores de Grupo Salinas, quienes a lo largo del mes de mayo y junio presentar\u00e1n m\u00e1s obras relacionadas con el talento de Paul Strand.<\/p>\n\n\n\n<p>Se hace la m\u00e1s cordial invitaci\u00f3n a presenciar la muestra \u201cFotograf\u00edas de M\u00e9xico (1932-1933)\u201d que podr\u00e1s disfrutar sin costo&nbsp;<strong>del 13 de mayo al 27 de julio<\/strong>&nbsp;en el Centro Cultural Santa Fe del Congreso del Estado de Guanajuato con direcci\u00f3n en&nbsp;<strong>Paseo del Congreso #60, Col. Marfil, Guanajuato<\/strong>, Gto., M\u00e9xico. De lunes a viernes en horario&nbsp;<strong>de 09:00 a 17:00<\/strong>&nbsp;horas.<\/p>\n\n\n\n<p>En el evento estuvieron presentes las diputadas Miriam Reyes Carmona (presidenta) y Martha Edith Moreno Valencia; as\u00ed como los diputados Jorge Arturo Espadas Galv\u00e1n y Jes\u00fas Hern\u00e1ndez Hern\u00e1ndez.<\/p>\n\n\n\n<p>Adem\u00e1s, asistieron Samantha Smith Guerrero, presidenta municipal de Guanajuato; Brenda Canchola Elizarraras, consejera presidenta del Instituto Electoral del Estado de Guanajuato; Lizeth Galv\u00e1n Cort\u00e9s, secretaria de Cultura de Guanajuato; \u00c1lvaro Hegewisch, director Ejecutivo de Arte y Cultura del Centro Ricardo B. Salinas Pliego; y Arturo Longares, director nacional del Comit\u00e9 de Operadores de Grupo Salinas.<\/p>\n\n\n\n<p>Los acompa\u00f1aron los artistas Ram\u00f3n V\u00e1squez Bernal, Paulina Ni\u00f1o y Fernando Ric\u00e1rdez; regidoras y regidores; funcionarias y funcionarios p\u00fablicos; rectoras y rectores de diversas universidades; presidentes de c\u00e1maras y organizaciones empresariales; asociaciones civiles; y personal del Congreso del Estado de Guanajuato.<\/p>\n","protected":false},"excerpt":{"rendered":"<p>Guanajuato, Gto. \u2013&nbsp;&nbsp;Este d\u00eda, se llev\u00f3 a cabo la inauguraci\u00f3n de la segunda temporada de exposiciones del Centro Cultural Santa Fe, en la que destaca la firma del convenio entre el Congreso del Estado de Guanajuato y Arte &amp; Cultura del Centro Ricardo B. Salinas Pliego, en colaboraci\u00f3n con el Comit\u00e9 de Operadores de Grupo&#8230;<\/p>\n","protected":false},"author":1,"featured_media":5820,"comment_status":"open","ping_status":"closed","sticky":false,"template":"","format":"standard","meta":{"footnotes":""},"categories":[6],"tags":[],"class_list":["post-5819","post","type-post","status-publish","format-standard","has-post-thumbnail","hentry","category-estatal"],"_links":{"self":[{"href":"https:\/\/primerplanoirapuato.com\/index.php\/wp-json\/wp\/v2\/posts\/5819","targetHints":{"allow":["GET"]}}],"collection":[{"href":"https:\/\/primerplanoirapuato.com\/index.php\/wp-json\/wp\/v2\/posts"}],"about":[{"href":"https:\/\/primerplanoirapuato.com\/index.php\/wp-json\/wp\/v2\/types\/post"}],"author":[{"embeddable":true,"href":"https:\/\/primerplanoirapuato.com\/index.php\/wp-json\/wp\/v2\/users\/1"}],"replies":[{"embeddable":true,"href":"https:\/\/primerplanoirapuato.com\/index.php\/wp-json\/wp\/v2\/comments?post=5819"}],"version-history":[{"count":0,"href":"https:\/\/primerplanoirapuato.com\/index.php\/wp-json\/wp\/v2\/posts\/5819\/revisions"}],"wp:featuredmedia":[{"embeddable":true,"href":"https:\/\/primerplanoirapuato.com\/index.php\/wp-json\/"}],"wp:attachment":[{"href":"https:\/\/primerplanoirapuato.com\/index.php\/wp-json\/wp\/v2\/media?parent=5819"}],"wp:term":[{"taxonomy":"category","embeddable":true,"href":"https:\/\/primerplanoirapuato.com\/index.php\/wp-json\/wp\/v2\/categories?post=5819"},{"taxonomy":"post_tag","embeddable":true,"href":"https:\/\/primerplanoirapuato.com\/index.php\/wp-json\/wp\/v2\/tags?post=5819"}],"curies":[{"name":"wp","href":"https:\/\/api.w.org\/{rel}","templated":true}]}}