{"id":5810,"date":"2025-05-13T19:37:21","date_gmt":"2025-05-13T19:37:21","guid":{"rendered":"https:\/\/primerplanoirapuato.com\/?p=5810"},"modified":"2025-05-13T19:37:21","modified_gmt":"2025-05-13T19:37:21","slug":"trabajan-en-irapuato-para-erradicar-la-violencia-contra-las-mujeres","status":"publish","type":"post","link":"https:\/\/primerplanoirapuato.com\/index.php\/2025\/05\/13\/trabajan-en-irapuato-para-erradicar-la-violencia-contra-las-mujeres\/","title":{"rendered":"TRABAJAN EN IRAPUATO PARA ERRADICAR LA VIOLENCIA CONTRA LAS MUJERES"},"content":{"rendered":"\n<p><\/p>\n\n\n\n<p>Irapuato se suma a la iniciativa de la Secretar\u00eda de Educaci\u00f3n de Guanajuato (SEG), de Prevenci\u00f3n de las violencias contra las mujeres, con la cual a trav\u00e9s de talleres y actividades diversas se dar\u00e1 atenci\u00f3n a la alerta de violencia contra las mujeres emitida en el estado y diversos municipios.<\/p>\n\n\n\n<p>Lorena Alfaro Garc\u00eda, resalt\u00f3 la participaci\u00f3n de Irapuato, sus secundarias y telesecundarias, pues con estas actividades se invita a la reflexi\u00f3n, visibilizaci\u00f3n de las violencias, adem\u00e1s, se habla del respeto a las diferentes formas de pensar y generar puentes de comunicaci\u00f3n, as\u00ed como no estigmatizar a las personas por su color, creencias, religi\u00f3n o costumbres.<\/p>\n\n\n\n<p>Carlos Le\u00f3n e Isabela Villafa\u00f1a, estudiantes participantes del curso \u201cRespeto que educa\u201d, comentaron que a trav\u00e9s de este taller junto a sus compa\u00f1eros se comprometieron a construir una sociedad m\u00e1s justa e inclusiva, as\u00ed como abordaron la reflexi\u00f3n en temas como la desigualdad y la discriminaci\u00f3n, por lo que destacaron que es fundamental contar con espacios como estos.<\/p>\n\n\n\n<p>Juan Luis Salda\u00f1a, delegado de la Regi\u00f3n IV de la SEG, agradeci\u00f3 al Gobierno de Irapuato, as\u00ed como a la Direcci\u00f3n de Educaci\u00f3n, por sumarse a esta iniciativa, pues junto con maestras y maestros, se busca que en las escuelas de Guanajuato se promueva una cultura de paz.<\/p>\n\n\n\n<p>Joyce Guerrero Barajas, directora de Educaci\u00f3n, inform\u00f3 que a este programa se suman 20 telesecundarias, tres secundarias t\u00e9cnicas y una secundaria general.<\/p>\n","protected":false},"excerpt":{"rendered":"<p>Irapuato se suma a la iniciativa de la Secretar\u00eda de Educaci\u00f3n de Guanajuato (SEG), de Prevenci\u00f3n de las violencias contra las mujeres, con la cual a trav\u00e9s de talleres y actividades diversas se dar\u00e1 atenci\u00f3n a la alerta de violencia contra las mujeres emitida en el estado y diversos municipios. Lorena Alfaro Garc\u00eda, resalt\u00f3 la&#8230;<\/p>\n","protected":false},"author":1,"featured_media":5811,"comment_status":"open","ping_status":"closed","sticky":false,"template":"","format":"standard","meta":{"footnotes":""},"categories":[8],"tags":[],"class_list":["post-5810","post","type-post","status-publish","format-standard","has-post-thumbnail","hentry","category-irapuato"],"_links":{"self":[{"href":"https:\/\/primerplanoirapuato.com\/index.php\/wp-json\/wp\/v2\/posts\/5810","targetHints":{"allow":["GET"]}}],"collection":[{"href":"https:\/\/primerplanoirapuato.com\/index.php\/wp-json\/wp\/v2\/posts"}],"about":[{"href":"https:\/\/primerplanoirapuato.com\/index.php\/wp-json\/wp\/v2\/types\/post"}],"author":[{"embeddable":true,"href":"https:\/\/primerplanoirapuato.com\/index.php\/wp-json\/wp\/v2\/users\/1"}],"replies":[{"embeddable":true,"href":"https:\/\/primerplanoirapuato.com\/index.php\/wp-json\/wp\/v2\/comments?post=5810"}],"version-history":[{"count":0,"href":"https:\/\/primerplanoirapuato.com\/index.php\/wp-json\/wp\/v2\/posts\/5810\/revisions"}],"wp:featuredmedia":[{"embeddable":true,"href":"https:\/\/primerplanoirapuato.com\/index.php\/wp-json\/"}],"wp:attachment":[{"href":"https:\/\/primerplanoirapuato.com\/index.php\/wp-json\/wp\/v2\/media?parent=5810"}],"wp:term":[{"taxonomy":"category","embeddable":true,"href":"https:\/\/primerplanoirapuato.com\/index.php\/wp-json\/wp\/v2\/categories?post=5810"},{"taxonomy":"post_tag","embeddable":true,"href":"https:\/\/primerplanoirapuato.com\/index.php\/wp-json\/wp\/v2\/tags?post=5810"}],"curies":[{"name":"wp","href":"https:\/\/api.w.org\/{rel}","templated":true}]}}