{"id":5691,"date":"2025-05-09T17:43:58","date_gmt":"2025-05-09T17:43:58","guid":{"rendered":"https:\/\/primerplanoirapuato.com\/?p=5691"},"modified":"2025-05-09T17:43:58","modified_gmt":"2025-05-09T17:43:58","slug":"caen-tres-del-cartel-santa-rosa-de-lima-en-operativos-en-guanajuato","status":"publish","type":"post","link":"https:\/\/primerplanoirapuato.com\/index.php\/2025\/05\/09\/caen-tres-del-cartel-santa-rosa-de-lima-en-operativos-en-guanajuato\/","title":{"rendered":"Caen tres del C\u00e1rtel Santa Rosa de Lima en operativos en Guanajuato"},"content":{"rendered":"\n<p><\/p>\n\n\n\n<p>Durante cateos simult\u00e1neos en Cort\u00e1zar y Villagr\u00e1n, elementos del Gabinete de Seguridad detuvieron a tres integrantes de un grupo criminal, entre ellos Agust\u00edn \u201cN\u201d, se\u00f1alado como operador del C\u00e1rtel Santa Rosa de Lima.<\/p>\n\n\n\n<p>Las acciones fueron encabezadas por la Secretar\u00eda de Seguridad y Protecci\u00f3n Ciudadana en coordinaci\u00f3n con la SEDENA, SEMAR, FGR, Guardia Nacional, as\u00ed como la Fiscal\u00eda General del Estado y la Secretar\u00eda de Seguridad de Guanajuato.<\/p>\n\n\n\n<p>En los inmuebles intervenidos se aseguraron un arma larga, un arma corta, cartuchos \u00fatiles, dinero en efectivo y libretas con informaci\u00f3n relevante.<\/p>\n\n\n\n<p>Los cateos fueron autorizados por un juez de control tras una serie de trabajos de inteligencia que permitieron ubicar los domicilios donde se escond\u00edan los presuntos delincuentes.<\/p>\n\n\n\n<p>Los detenidos quedaron a disposici\u00f3n del Ministerio P\u00fablico, mientras que las propiedades quedaron aseguradas y bajo resguardo.<\/p>\n","protected":false},"excerpt":{"rendered":"<p>Durante cateos simult\u00e1neos en Cort\u00e1zar y Villagr\u00e1n, elementos del Gabinete de Seguridad detuvieron a tres integrantes de un grupo criminal, entre ellos Agust\u00edn \u201cN\u201d, se\u00f1alado como operador del C\u00e1rtel Santa Rosa de Lima. Las acciones fueron encabezadas por la Secretar\u00eda de Seguridad y Protecci\u00f3n Ciudadana en coordinaci\u00f3n con la SEDENA, SEMAR, FGR, Guardia Nacional, as\u00ed&#8230;<\/p>\n","protected":false},"author":1,"featured_media":5692,"comment_status":"open","ping_status":"closed","sticky":false,"template":"","format":"standard","meta":{"footnotes":""},"categories":[8],"tags":[],"class_list":["post-5691","post","type-post","status-publish","format-standard","has-post-thumbnail","hentry","category-irapuato"],"_links":{"self":[{"href":"https:\/\/primerplanoirapuato.com\/index.php\/wp-json\/wp\/v2\/posts\/5691","targetHints":{"allow":["GET"]}}],"collection":[{"href":"https:\/\/primerplanoirapuato.com\/index.php\/wp-json\/wp\/v2\/posts"}],"about":[{"href":"https:\/\/primerplanoirapuato.com\/index.php\/wp-json\/wp\/v2\/types\/post"}],"author":[{"embeddable":true,"href":"https:\/\/primerplanoirapuato.com\/index.php\/wp-json\/wp\/v2\/users\/1"}],"replies":[{"embeddable":true,"href":"https:\/\/primerplanoirapuato.com\/index.php\/wp-json\/wp\/v2\/comments?post=5691"}],"version-history":[{"count":0,"href":"https:\/\/primerplanoirapuato.com\/index.php\/wp-json\/wp\/v2\/posts\/5691\/revisions"}],"wp:featuredmedia":[{"embeddable":true,"href":"https:\/\/primerplanoirapuato.com\/index.php\/wp-json\/"}],"wp:attachment":[{"href":"https:\/\/primerplanoirapuato.com\/index.php\/wp-json\/wp\/v2\/media?parent=5691"}],"wp:term":[{"taxonomy":"category","embeddable":true,"href":"https:\/\/primerplanoirapuato.com\/index.php\/wp-json\/wp\/v2\/categories?post=5691"},{"taxonomy":"post_tag","embeddable":true,"href":"https:\/\/primerplanoirapuato.com\/index.php\/wp-json\/wp\/v2\/tags?post=5691"}],"curies":[{"name":"wp","href":"https:\/\/api.w.org\/{rel}","templated":true}]}}