{"id":5683,"date":"2025-05-09T14:38:09","date_gmt":"2025-05-09T14:38:09","guid":{"rendered":"https:\/\/primerplanoirapuato.com\/?p=5683"},"modified":"2025-05-09T14:38:09","modified_gmt":"2025-05-09T14:38:09","slug":"inauguran-semana-cultural-en-abasolo","status":"publish","type":"post","link":"https:\/\/primerplanoirapuato.com\/index.php\/2025\/05\/09\/inauguran-semana-cultural-en-abasolo\/","title":{"rendered":"Inauguran semana cultural en Abasolo"},"content":{"rendered":"\n<p>La noche del jueves 8 de mayo, la Plaza Constituci\u00f3n se convirti\u00f3 nuevamente en el escenario principal de la 49\u00aa Semana Cultural de Abasolo, evento en el que el Presidente Municipal Job Eduardo Gallardo Santellano, inaugur\u00f3 esta edici\u00f3n de la fiesta cultural abasolense, entregando junto con el Secretario del Ayuntamiento, Gerardo Alvarado Ceballos y la representante de la Secretar\u00eda de Cultura del Estado,&nbsp;Martha&nbsp;Hern\u00e1ndez&nbsp;N\u00fa\u00f1ez, las Preseas a los Ciudadanos Distinguidos, que por primera vez, se realiz\u00f3 de una manera diferente.<\/p>\n\n\n\n<p>Este 2025, dicha Presea se brind\u00f3 a tres ciudadanos m\u00e1s que distinguidos, primeramente, en la categor\u00eda Mujer a Margarita Hern\u00e1ndez L\u00f3pez, por su gran trayectoria y grandes logros como escritora, llevando muchos de sus cuentos a ganar premios nacionales e internacionales; en la categor\u00eda Hombre, Eduardo Castillo Ram\u00edrez, por toda una vida promoviendo el deporte, adem\u00e1s, impulsando y orientando a las nuevas generaciones a practicar las disciplinas deportivas como el triatl\u00f3n, ciclismo, crossfit, nataci\u00f3n, correr, entre otros, por \u00faltimo, en la categor\u00eda Post M\u00f3rtem, el galardonado es Luis Guevara Vaca, por su vasta carrera art\u00edstica y ser el principal promotor para el rodaje de m\u00e1s de una decena de pel\u00edculas que tuvieron como escenario principal nuestro Municipio de Abasolo.<\/p>\n\n\n\n<p>Poco despu\u00e9s de la entrega de las Preseas, comenz\u00f3 la fiesta con la presentaci\u00f3n de una pareja del Grupo de Danza del&nbsp;CBTis&nbsp;171, dando paso a la actuaci\u00f3n del tenor salmantino&nbsp;Gregorio&nbsp;Antonio&nbsp;Valencia y el&nbsp;Ensamble&nbsp;Sinfon\u00eda; para&nbsp;el cerrojazo de&nbsp;esta noche de inauguraci\u00f3n, el p\u00fablico vibr\u00f3 con las excelentes interpretaciones de m\u00fasica instrumental, adem\u00e1s de boleros, danzones, mambos y m\u00fasica tradicional mexicana con la actuaci\u00f3n de la Banda&nbsp;Joroches&nbsp;La Grande, siendo sin duda un espect\u00e1culo digno del gran p\u00fablico abasolense en la primera fecha de la 49\u00aa Semana Cultural de Abasolo.<\/p>\n","protected":false},"excerpt":{"rendered":"<p>La noche del jueves 8 de mayo, la Plaza Constituci\u00f3n se convirti\u00f3 nuevamente en el escenario principal de la 49\u00aa Semana Cultural de Abasolo, evento en el que el Presidente Municipal Job Eduardo Gallardo Santellano, inaugur\u00f3 esta edici\u00f3n de la fiesta cultural abasolense, entregando junto con el Secretario del Ayuntamiento, Gerardo Alvarado Ceballos y la&#8230;<\/p>\n","protected":false},"author":1,"featured_media":5684,"comment_status":"open","ping_status":"closed","sticky":false,"template":"","format":"standard","meta":{"footnotes":""},"categories":[8],"tags":[],"class_list":["post-5683","post","type-post","status-publish","format-standard","has-post-thumbnail","hentry","category-irapuato"],"_links":{"self":[{"href":"https:\/\/primerplanoirapuato.com\/index.php\/wp-json\/wp\/v2\/posts\/5683","targetHints":{"allow":["GET"]}}],"collection":[{"href":"https:\/\/primerplanoirapuato.com\/index.php\/wp-json\/wp\/v2\/posts"}],"about":[{"href":"https:\/\/primerplanoirapuato.com\/index.php\/wp-json\/wp\/v2\/types\/post"}],"author":[{"embeddable":true,"href":"https:\/\/primerplanoirapuato.com\/index.php\/wp-json\/wp\/v2\/users\/1"}],"replies":[{"embeddable":true,"href":"https:\/\/primerplanoirapuato.com\/index.php\/wp-json\/wp\/v2\/comments?post=5683"}],"version-history":[{"count":0,"href":"https:\/\/primerplanoirapuato.com\/index.php\/wp-json\/wp\/v2\/posts\/5683\/revisions"}],"wp:featuredmedia":[{"embeddable":true,"href":"https:\/\/primerplanoirapuato.com\/index.php\/wp-json\/"}],"wp:attachment":[{"href":"https:\/\/primerplanoirapuato.com\/index.php\/wp-json\/wp\/v2\/media?parent=5683"}],"wp:term":[{"taxonomy":"category","embeddable":true,"href":"https:\/\/primerplanoirapuato.com\/index.php\/wp-json\/wp\/v2\/categories?post=5683"},{"taxonomy":"post_tag","embeddable":true,"href":"https:\/\/primerplanoirapuato.com\/index.php\/wp-json\/wp\/v2\/tags?post=5683"}],"curies":[{"name":"wp","href":"https:\/\/api.w.org\/{rel}","templated":true}]}}