{"id":5671,"date":"2025-05-09T04:01:46","date_gmt":"2025-05-09T04:01:46","guid":{"rendered":"https:\/\/primerplanoirapuato.com\/?p=5671"},"modified":"2025-05-09T04:01:46","modified_gmt":"2025-05-09T04:01:46","slug":"en-mayo-la-cultura-florece","status":"publish","type":"post","link":"https:\/\/primerplanoirapuato.com\/index.php\/2025\/05\/09\/en-mayo-la-cultura-florece\/","title":{"rendered":"EN MAYO LA CULTURA FLORECE"},"content":{"rendered":"\n<p>El Gobierno de Irapuato mantiene viva su agenda cultural con varias actividades durante el mes de mayo, impulsadas por el \u00a0 Instituto Municipal de Cultura, Arte y Recreaci\u00f3n de Irapuato (IMCAR).<br>La oferta cultural y de entretenimiento, ofrece eventos para todos los gustos en diferentes sedes como el Teatro de la Ciudad, el Museo Salvador Almaraz, las Bibliotecas P\u00fablicas, el Andador Sor Juana In\u00e9s de la Cruz y Andador Ju\u00e1rez.<br>Desde teatro, conciertos, exposiciones, talleres hasta la III edici\u00f3n del Festival del Mariachi, la XIV edici\u00f3n de la Feria del Libro, la Entrega del Premio Municipal de Artes Pl\u00e1sticas Salvador Almaraz en su 1ra edici\u00f3n; y la Jornada del D\u00eda Internacional de los Museos, la ciudad se llena de actividades para disfrutar.<br>Lorena Alfaro Garc\u00eda, presidenta municipal, anunci\u00f3 que a trav\u00e9s de los programas \u201cMuseo en mi Comunidad\u201d y \u201cMi Comunidad en el Museo\u00bb, cuya esencia, es acercar el arte y la cultura de los museos a la comunidad y viceversa. Irapuato recibir\u00e1 el Premio Latinoamericano al Desarrollo Econ\u00f3mico y Social de los Municipios 2025, otorgado por la Fundaci\u00f3n para el Desarrollo de la Solidaridad y la Inclusi\u00f3n Social (Inclusocial), que ser\u00e1 entregado en pr\u00f3ximos d\u00edas en la ciudad de Bogot\u00e1, Colombia.<br>Por ello y siguiendo con este prop\u00f3sito de llegar a todos los rincones del municipio, se prepar\u00f3 una nutrida agenda cultural que abona a crear comunidad y entornos en paz desde una perspectiva del arte.<br>Gloria Cano de la Fuente, directora del IMCAR, destac\u00f3 que esta agenda es un esfuerzo compartido y present\u00f3 la XIV edici\u00f3n de la Feria del Libro, que se llevar\u00e1\u00a0del 16 al 25 de mayo\u00a0y tendr\u00e1 como eje tem\u00e1tico la Amistad.<br>Durante este mes, la oferta cultural es diversa y emocionante, conoce la programaci\u00f3n completa a trav\u00e9s de las redes sociales de Gobierno de Irapuato y el Instituto Municipal de Cultura, Arte y Recreaci\u00f3n de Irapuato; y no te pierdas la oportunidad de disfrutar cada evento.<\/p>\n","protected":false},"excerpt":{"rendered":"<p>El Gobierno de Irapuato mantiene viva su agenda cultural con varias actividades durante el mes de mayo, impulsadas por el \u00a0 Instituto Municipal de Cultura, Arte y Recreaci\u00f3n de Irapuato (IMCAR).La oferta cultural y de entretenimiento, ofrece eventos para todos los gustos en diferentes sedes como el Teatro de la Ciudad, el Museo Salvador Almaraz,&#8230;<\/p>\n","protected":false},"author":1,"featured_media":5672,"comment_status":"open","ping_status":"closed","sticky":false,"template":"","format":"standard","meta":{"footnotes":""},"categories":[8],"tags":[],"class_list":["post-5671","post","type-post","status-publish","format-standard","has-post-thumbnail","hentry","category-irapuato"],"_links":{"self":[{"href":"https:\/\/primerplanoirapuato.com\/index.php\/wp-json\/wp\/v2\/posts\/5671","targetHints":{"allow":["GET"]}}],"collection":[{"href":"https:\/\/primerplanoirapuato.com\/index.php\/wp-json\/wp\/v2\/posts"}],"about":[{"href":"https:\/\/primerplanoirapuato.com\/index.php\/wp-json\/wp\/v2\/types\/post"}],"author":[{"embeddable":true,"href":"https:\/\/primerplanoirapuato.com\/index.php\/wp-json\/wp\/v2\/users\/1"}],"replies":[{"embeddable":true,"href":"https:\/\/primerplanoirapuato.com\/index.php\/wp-json\/wp\/v2\/comments?post=5671"}],"version-history":[{"count":0,"href":"https:\/\/primerplanoirapuato.com\/index.php\/wp-json\/wp\/v2\/posts\/5671\/revisions"}],"wp:featuredmedia":[{"embeddable":true,"href":"https:\/\/primerplanoirapuato.com\/index.php\/wp-json\/"}],"wp:attachment":[{"href":"https:\/\/primerplanoirapuato.com\/index.php\/wp-json\/wp\/v2\/media?parent=5671"}],"wp:term":[{"taxonomy":"category","embeddable":true,"href":"https:\/\/primerplanoirapuato.com\/index.php\/wp-json\/wp\/v2\/categories?post=5671"},{"taxonomy":"post_tag","embeddable":true,"href":"https:\/\/primerplanoirapuato.com\/index.php\/wp-json\/wp\/v2\/tags?post=5671"}],"curies":[{"name":"wp","href":"https:\/\/api.w.org\/{rel}","templated":true}]}}