{"id":5635,"date":"2025-05-08T18:00:30","date_gmt":"2025-05-08T18:00:30","guid":{"rendered":"https:\/\/primerplanoirapuato.com\/?p=5635"},"modified":"2025-05-08T18:00:30","modified_gmt":"2025-05-08T18:00:30","slug":"festeja-el-dia-de-las-madres-con-concierto-despechadas-de-mujer-a-mujer","status":"publish","type":"post","link":"https:\/\/primerplanoirapuato.com\/index.php\/2025\/05\/08\/festeja-el-dia-de-las-madres-con-concierto-despechadas-de-mujer-a-mujer\/","title":{"rendered":"FESTEJA EL D\u00cdA DE LAS MADRES CON CONCIERTO \u201cDESPECHADAS, DE MUJER A MUJER\u201d"},"content":{"rendered":"\n<p><\/p>\n\n\n\n<p>Para celebrar a todas las mam\u00e1s irapuatenses, el pr\u00f3ximo domingo 11 de mayo se llevar\u00e1 acabo el concierto \u00a1Despechadas, de Mujer a Mujer! en el andador Sor Juana In\u00e9s de la Cruz, del Centro Hist\u00f3rico.<\/p>\n\n\n\n<p>Con este espect\u00e1culo, el Gobierno de Irapuato, encabezado por la presidenta municipal, Lorena Alfaro Garc\u00eda prepara una velada para compartir en familia, reconocer y honrar a todas las mam\u00e1s en su d\u00eda especial.<\/p>\n\n\n\n<p>A partir de las 8:00 de la noche iniciar\u00e1 el espect\u00e1culo \u201cDespechadas\u201d que re\u00fane en un mismo escenario a grandes leyendas de la balada rom\u00e1ntica, quienes con sus inconfundibles voces han dejado huella en generaciones enteras.<\/p>\n\n\n\n<p>Mar\u00eda Conchita Alonso, Roc\u00edo Banquells, Denisse De Kalaf, Mar\u00eda Del Sol, y Manoella Torres interpretar\u00e1n temas ic\u00f3nicos que nos han acompa\u00f1ado en los momentos m\u00e1s intensos del amor y el desamor.<\/p>\n\n\n\n<p>El set estar\u00e1 integrado por emblem\u00e1ticas canciones como \u201cAcar\u00edciame\u201d, \u201cEste hombre no se toca\u201d, \u201cTe voy a ense\u00f1ar a querer\u201d, \u201cUn gato en la oscuridad\u201d, \u201cO ella o yo\u201d, \u201cNoche de Copas\u201d, \u201cLuna M\u00e1gica\u201d, entre otras.<\/p>\n\n\n\n<p>Sin que pueda faltar el \u00e9xito de Denisse de Kalafe \u201cSe\u00f1ora, se\u00f1ora\u201d que se ha convertido en un himno del 10 de mayo.<\/p>\n\n\n\n<p>No te pierdas esta oportunidad \u00fanica de ser parte de \u201cDespechadas De Mujer a Mujer\u201d y disfrutar de este viaje musical, d\u00f3nde cada interpretaci\u00f3n permitir\u00e1 revivir recuerdos entra\u00f1ables y crear nuevos momentos de uni\u00f3n familiar.<\/p>\n\n\n\n<p>El acceso al evento es gratuito, sin embargo, se recomienda llegar con anticipaci\u00f3n para asegurar un buen lugar.<\/p>\n","protected":false},"excerpt":{"rendered":"<p>Para celebrar a todas las mam\u00e1s irapuatenses, el pr\u00f3ximo domingo 11 de mayo se llevar\u00e1 acabo el concierto \u00a1Despechadas, de Mujer a Mujer! en el andador Sor Juana In\u00e9s de la Cruz, del Centro Hist\u00f3rico. Con este espect\u00e1culo, el Gobierno de Irapuato, encabezado por la presidenta municipal, Lorena Alfaro Garc\u00eda prepara una velada para compartir&#8230;<\/p>\n","protected":false},"author":1,"featured_media":5636,"comment_status":"open","ping_status":"closed","sticky":false,"template":"","format":"standard","meta":{"footnotes":""},"categories":[8],"tags":[],"class_list":["post-5635","post","type-post","status-publish","format-standard","has-post-thumbnail","hentry","category-irapuato"],"_links":{"self":[{"href":"https:\/\/primerplanoirapuato.com\/index.php\/wp-json\/wp\/v2\/posts\/5635","targetHints":{"allow":["GET"]}}],"collection":[{"href":"https:\/\/primerplanoirapuato.com\/index.php\/wp-json\/wp\/v2\/posts"}],"about":[{"href":"https:\/\/primerplanoirapuato.com\/index.php\/wp-json\/wp\/v2\/types\/post"}],"author":[{"embeddable":true,"href":"https:\/\/primerplanoirapuato.com\/index.php\/wp-json\/wp\/v2\/users\/1"}],"replies":[{"embeddable":true,"href":"https:\/\/primerplanoirapuato.com\/index.php\/wp-json\/wp\/v2\/comments?post=5635"}],"version-history":[{"count":0,"href":"https:\/\/primerplanoirapuato.com\/index.php\/wp-json\/wp\/v2\/posts\/5635\/revisions"}],"wp:featuredmedia":[{"embeddable":true,"href":"https:\/\/primerplanoirapuato.com\/index.php\/wp-json\/"}],"wp:attachment":[{"href":"https:\/\/primerplanoirapuato.com\/index.php\/wp-json\/wp\/v2\/media?parent=5635"}],"wp:term":[{"taxonomy":"category","embeddable":true,"href":"https:\/\/primerplanoirapuato.com\/index.php\/wp-json\/wp\/v2\/categories?post=5635"},{"taxonomy":"post_tag","embeddable":true,"href":"https:\/\/primerplanoirapuato.com\/index.php\/wp-json\/wp\/v2\/tags?post=5635"}],"curies":[{"name":"wp","href":"https:\/\/api.w.org\/{rel}","templated":true}]}}