{"id":5064,"date":"2025-04-09T23:34:44","date_gmt":"2025-04-09T23:34:44","guid":{"rendered":"https:\/\/primerplanoirapuato.com\/?p=5064"},"modified":"2025-04-09T23:34:44","modified_gmt":"2025-04-09T23:34:44","slug":"aaron-cabanas-participa-en-mesa-de-dialogo-en-la-camara-de-diputados-para-exigir-justicia-a-exbraceros","status":"publish","type":"post","link":"https:\/\/primerplanoirapuato.com\/index.php\/2025\/04\/09\/aaron-cabanas-participa-en-mesa-de-dialogo-en-la-camara-de-diputados-para-exigir-justicia-a-exbraceros\/","title":{"rendered":"Aar\u00f3n Caba\u00f1as participa en mesa de di\u00e1logo en la C\u00e1mara de Diputados para exigir justicia a exbraceros"},"content":{"rendered":"\n<p>Ciudad de M\u00e9xico.- Aar\u00f3n Caba\u00f1as Marcial, dirigente de la Uni\u00f3n Campesina de Emigrantes Mexicanos (UCEM), particip\u00f3 este martes en una mesa de di\u00e1logo en la C\u00e1mara de Diputados, como parte de los esfuerzos por lograr justicia para los exbraceros que laboraron en Estados Unidos entre 1942 y 1964.<\/p>\n\n\n\n<p>La reuni\u00f3n fue impulsada por la diputada federal Mar\u00eda Damaris Silva Santiago, y reuni\u00f3 a representantes de distintas organizaciones, incluyendo a exbraceros y sus familias, quienes contin\u00faan exigiendo la devoluci\u00f3n del 10% del fondo de ahorro que les fue retenido durante su trabajo como jornaleros migrantes en el programa bilateral M\u00e9xico\u2013Estados Unidos.<\/p>\n\n\n\n<p>\u201cEstamos en pie de lucha, acompa\u00f1ando a los exbraceros que por d\u00e9cadas han sido ignorados por el Estado. No vamos a descansar hasta que se les haga justicia\u201d, declar\u00f3 Caba\u00f1as Marcial durante su intervenci\u00f3n.<\/p>\n\n\n\n<p>El dirigente de la UCEM destac\u00f3 la importancia de que el Congreso de la Uni\u00f3n escuche y atienda a los exbraceros y sus familias, quienes han sostenido esta lucha por m\u00e1s de 25 a\u00f1os.<\/p>\n\n\n\n<p> Subray\u00f3 que la organizaci\u00f3n mantiene su compromiso con la defensa de los derechos de los trabajadores migrantes.<\/p>\n\n\n\n<p>La mesa de di\u00e1logo representa un paso m\u00e1s en el largo camino por el reconocimiento y la reparaci\u00f3n del da\u00f1o hacia quienes participaron en el programa bracero, y quienes hoy, ya en su mayor\u00eda adultos mayores, siguen esperando respuestas del gobierno federal.<\/p>\n\n\n\n<p><\/p>\n\n\n\n<p><\/p>\n\n\n\n<p><\/p>\n\n\n\n<p><\/p>\n","protected":false},"excerpt":{"rendered":"<p>Ciudad de M\u00e9xico.- Aar\u00f3n Caba\u00f1as Marcial, dirigente de la Uni\u00f3n Campesina de Emigrantes Mexicanos (UCEM), particip\u00f3 este martes en una mesa de di\u00e1logo en la C\u00e1mara de Diputados, como parte de los esfuerzos por lograr justicia para los exbraceros que laboraron en Estados Unidos entre 1942 y 1964. La reuni\u00f3n fue impulsada por la diputada&#8230;<\/p>\n","protected":false},"author":1,"featured_media":5065,"comment_status":"open","ping_status":"closed","sticky":false,"template":"","format":"standard","meta":{"footnotes":""},"categories":[8],"tags":[],"class_list":["post-5064","post","type-post","status-publish","format-standard","has-post-thumbnail","hentry","category-irapuato"],"_links":{"self":[{"href":"https:\/\/primerplanoirapuato.com\/index.php\/wp-json\/wp\/v2\/posts\/5064","targetHints":{"allow":["GET"]}}],"collection":[{"href":"https:\/\/primerplanoirapuato.com\/index.php\/wp-json\/wp\/v2\/posts"}],"about":[{"href":"https:\/\/primerplanoirapuato.com\/index.php\/wp-json\/wp\/v2\/types\/post"}],"author":[{"embeddable":true,"href":"https:\/\/primerplanoirapuato.com\/index.php\/wp-json\/wp\/v2\/users\/1"}],"replies":[{"embeddable":true,"href":"https:\/\/primerplanoirapuato.com\/index.php\/wp-json\/wp\/v2\/comments?post=5064"}],"version-history":[{"count":0,"href":"https:\/\/primerplanoirapuato.com\/index.php\/wp-json\/wp\/v2\/posts\/5064\/revisions"}],"wp:featuredmedia":[{"embeddable":true,"href":"https:\/\/primerplanoirapuato.com\/index.php\/wp-json\/"}],"wp:attachment":[{"href":"https:\/\/primerplanoirapuato.com\/index.php\/wp-json\/wp\/v2\/media?parent=5064"}],"wp:term":[{"taxonomy":"category","embeddable":true,"href":"https:\/\/primerplanoirapuato.com\/index.php\/wp-json\/wp\/v2\/categories?post=5064"},{"taxonomy":"post_tag","embeddable":true,"href":"https:\/\/primerplanoirapuato.com\/index.php\/wp-json\/wp\/v2\/tags?post=5064"}],"curies":[{"name":"wp","href":"https:\/\/api.w.org\/{rel}","templated":true}]}}