{"id":5048,"date":"2025-04-09T20:59:56","date_gmt":"2025-04-09T20:59:56","guid":{"rendered":"https:\/\/primerplanoirapuato.com\/?p=5048"},"modified":"2025-04-09T20:59:56","modified_gmt":"2025-04-09T20:59:56","slug":"cbta-174-recibe-a-pedro-salmeron-y-juan-manuel-hernandez-en-conferencia-sembrando-historia","status":"publish","type":"post","link":"https:\/\/primerplanoirapuato.com\/index.php\/2025\/04\/09\/cbta-174-recibe-a-pedro-salmeron-y-juan-manuel-hernandez-en-conferencia-sembrando-historia\/","title":{"rendered":"CBTA 174 Recibe a Pedro Salmer\u00f3n y Juan Manuel Hern\u00e1ndez, en Conferencia \u201cSembrando Historia\u201d"},"content":{"rendered":"\n<p>Alumnas y alumnos del CBTA 174 de Rancho Nuevo de la Cruz, tuvieron la oportunidad de vivir una de las conferencias impartidas por los ponentes Pedro Salmer\u00f3n Sangin\u00e9s y Juan Manuel Hern\u00e1ndez&nbsp;Anguiano, quienes presentaron la charla acerca de la gran batalla de Tenochtitl\u00e1n, entre Mexicas contra Espa\u00f1oles y Tlaxcaltecas.<\/p>\n\n\n\n<p>En este evento, estuvo presente el Presidente Municipal de Abasolo, Job Eduardo Gallardo Santellano,&nbsp;el Director de Casa de la Cultura, Jorge Rivera L\u00f3pez,&nbsp;el Director de CBTA 174, Juan Castro Barrera, as\u00ed como autoridades de otros planteles&nbsp;educativos y de la regi\u00f3n.<\/p>\n\n\n\n<p>Momentos interesantes fueron cuando los alumnos participaron activamente, con preguntas para despejar sus dudas acerca de la llegada de los espa\u00f1oles a este territorio, adem\u00e1s, de comentar tambi\u00e9n acerca de personajes de gran importancia como Hern\u00e1n Cort\u00e9s, La Malinche, el Se\u00f1or Moctezuma y Cuauht\u00e9moc, siendo \u00e9ste un evento singularmente atractivo y de gran inter\u00e9s para ellos.<\/p>\n","protected":false},"excerpt":{"rendered":"<p>Alumnas y alumnos del CBTA 174 de Rancho Nuevo de la Cruz, tuvieron la oportunidad de vivir una de las conferencias impartidas por los ponentes Pedro Salmer\u00f3n Sangin\u00e9s y Juan Manuel Hern\u00e1ndez&nbsp;Anguiano, quienes presentaron la charla acerca de la gran batalla de Tenochtitl\u00e1n, entre Mexicas contra Espa\u00f1oles y Tlaxcaltecas. En este evento, estuvo presente el&#8230;<\/p>\n","protected":false},"author":1,"featured_media":5051,"comment_status":"open","ping_status":"closed","sticky":false,"template":"","format":"standard","meta":{"footnotes":""},"categories":[8],"tags":[],"class_list":["post-5048","post","type-post","status-publish","format-standard","has-post-thumbnail","hentry","category-irapuato"],"_links":{"self":[{"href":"https:\/\/primerplanoirapuato.com\/index.php\/wp-json\/wp\/v2\/posts\/5048","targetHints":{"allow":["GET"]}}],"collection":[{"href":"https:\/\/primerplanoirapuato.com\/index.php\/wp-json\/wp\/v2\/posts"}],"about":[{"href":"https:\/\/primerplanoirapuato.com\/index.php\/wp-json\/wp\/v2\/types\/post"}],"author":[{"embeddable":true,"href":"https:\/\/primerplanoirapuato.com\/index.php\/wp-json\/wp\/v2\/users\/1"}],"replies":[{"embeddable":true,"href":"https:\/\/primerplanoirapuato.com\/index.php\/wp-json\/wp\/v2\/comments?post=5048"}],"version-history":[{"count":0,"href":"https:\/\/primerplanoirapuato.com\/index.php\/wp-json\/wp\/v2\/posts\/5048\/revisions"}],"wp:featuredmedia":[{"embeddable":true,"href":"https:\/\/primerplanoirapuato.com\/index.php\/wp-json\/"}],"wp:attachment":[{"href":"https:\/\/primerplanoirapuato.com\/index.php\/wp-json\/wp\/v2\/media?parent=5048"}],"wp:term":[{"taxonomy":"category","embeddable":true,"href":"https:\/\/primerplanoirapuato.com\/index.php\/wp-json\/wp\/v2\/categories?post=5048"},{"taxonomy":"post_tag","embeddable":true,"href":"https:\/\/primerplanoirapuato.com\/index.php\/wp-json\/wp\/v2\/tags?post=5048"}],"curies":[{"name":"wp","href":"https:\/\/api.w.org\/{rel}","templated":true}]}}