{"id":5043,"date":"2025-04-09T19:10:02","date_gmt":"2025-04-09T19:10:02","guid":{"rendered":"https:\/\/primerplanoirapuato.com\/?p=5043"},"modified":"2025-04-09T19:10:02","modified_gmt":"2025-04-09T19:10:02","slug":"feria-de-las-fresas-2025-la-mejor-edicion-hector-munoz-krieger","status":"publish","type":"post","link":"https:\/\/primerplanoirapuato.com\/index.php\/2025\/04\/09\/feria-de-las-fresas-2025-la-mejor-edicion-hector-munoz-krieger\/","title":{"rendered":"Feria de las Fresas 2025, la mejor edici\u00f3n: H\u00e9ctor Mu\u00f1oz Krieger"},"content":{"rendered":"\n<p><\/p>\n\n\n\n<p>La Feria de las Fresas 2025 fue la mejor edici\u00f3n realizada hasta ahora, asegur\u00f3 H\u00e9ctor Mu\u00f1oz Krieger, director de Econom\u00eda y Turismo Municipal, al destacar el alto n\u00famero de asistentes y las calificaciones positivas del evento.<\/p>\n\n\n\n<p>Mu\u00f1oz Krieger inform\u00f3 que, como cada a\u00f1o, se realizar\u00e1 un ejercicio ciudadano de rendici\u00f3n de cuentas con la presentaci\u00f3n de un informe detallado ante medios e invitados, por instrucci\u00f3n de la alcaldesa Lorena Alfaro Garc\u00eda.<\/p>\n\n\n\n<p>\u201cEl n\u00famero rebas\u00f3 al del a\u00f1o pasado. La calificaci\u00f3n de la feria fue muy alta y, lo m\u00e1s importante, tuvimos saldo blanco gracias al trabajo con los tres niveles de gobierno\u201d, declar\u00f3.<\/p>\n\n\n\n<p>El funcionario explic\u00f3 que durante la feria se aplicaron encuestas de salida todos los d\u00edas, lo que permiti\u00f3 obtener retroalimentaci\u00f3n para mejorar futuras ediciones.<\/p>\n\n\n\n<p>Destac\u00f3 tambi\u00e9n la participaci\u00f3n de hoteleros, restauranteros y comercios locales, quienes se beneficiaron con la derrama econ\u00f3mica generada durante el evento.<\/p>\n\n\n\n<p>\u201cLa realidad es que esta edici\u00f3n ha sido la mejor, por el n\u00famero de asistentes, la participaci\u00f3n de todos los sectores y los buenos resultados que estamos por presentar\u201d, concluy\u00f3.<\/p>\n","protected":false},"excerpt":{"rendered":"<p>La Feria de las Fresas 2025 fue la mejor edici\u00f3n realizada hasta ahora, asegur\u00f3 H\u00e9ctor Mu\u00f1oz Krieger, director de Econom\u00eda y Turismo Municipal, al destacar el alto n\u00famero de asistentes y las calificaciones positivas del evento. Mu\u00f1oz Krieger inform\u00f3 que, como cada a\u00f1o, se realizar\u00e1 un ejercicio ciudadano de rendici\u00f3n de cuentas con la presentaci\u00f3n&#8230;<\/p>\n","protected":false},"author":1,"featured_media":4813,"comment_status":"open","ping_status":"closed","sticky":false,"template":"","format":"standard","meta":{"footnotes":""},"categories":[8],"tags":[],"class_list":["post-5043","post","type-post","status-publish","format-standard","has-post-thumbnail","hentry","category-irapuato"],"_links":{"self":[{"href":"https:\/\/primerplanoirapuato.com\/index.php\/wp-json\/wp\/v2\/posts\/5043","targetHints":{"allow":["GET"]}}],"collection":[{"href":"https:\/\/primerplanoirapuato.com\/index.php\/wp-json\/wp\/v2\/posts"}],"about":[{"href":"https:\/\/primerplanoirapuato.com\/index.php\/wp-json\/wp\/v2\/types\/post"}],"author":[{"embeddable":true,"href":"https:\/\/primerplanoirapuato.com\/index.php\/wp-json\/wp\/v2\/users\/1"}],"replies":[{"embeddable":true,"href":"https:\/\/primerplanoirapuato.com\/index.php\/wp-json\/wp\/v2\/comments?post=5043"}],"version-history":[{"count":0,"href":"https:\/\/primerplanoirapuato.com\/index.php\/wp-json\/wp\/v2\/posts\/5043\/revisions"}],"wp:featuredmedia":[{"embeddable":true,"href":"https:\/\/primerplanoirapuato.com\/index.php\/wp-json\/"}],"wp:attachment":[{"href":"https:\/\/primerplanoirapuato.com\/index.php\/wp-json\/wp\/v2\/media?parent=5043"}],"wp:term":[{"taxonomy":"category","embeddable":true,"href":"https:\/\/primerplanoirapuato.com\/index.php\/wp-json\/wp\/v2\/categories?post=5043"},{"taxonomy":"post_tag","embeddable":true,"href":"https:\/\/primerplanoirapuato.com\/index.php\/wp-json\/wp\/v2\/tags?post=5043"}],"curies":[{"name":"wp","href":"https:\/\/api.w.org\/{rel}","templated":true}]}}