{"id":4932,"date":"2025-04-03T23:47:13","date_gmt":"2025-04-03T23:47:13","guid":{"rendered":"https:\/\/primerplanoirapuato.com\/?p=4932"},"modified":"2025-04-03T23:47:13","modified_gmt":"2025-04-03T23:47:13","slug":"aun-no-se-define-el-costo-del-viaje-a-espana-de-alcaldesa-y-directores-de-japami-e-imcar-humberto-hernandez","status":"publish","type":"post","link":"https:\/\/primerplanoirapuato.com\/index.php\/2025\/04\/03\/aun-no-se-define-el-costo-del-viaje-a-espana-de-alcaldesa-y-directores-de-japami-e-imcar-humberto-hernandez\/","title":{"rendered":"A\u00fan no se define el costo del viaje a Espa\u00f1a de alcaldesa y directores de Japami e IMCAR: Humberto Hern\u00e1ndez"},"content":{"rendered":"\n<p>El secretario particular del gobierno municipal de Irapuato, Humberto Hern\u00e1ndez Mart\u00ednez, inform\u00f3 que a\u00fan no se ha determinado el costo total del viaje que realizar\u00e1 la alcaldesa Lorena Alfaro Garc\u00eda a Espa\u00f1a, junto con los titulares de la Junta de Agua Potable y Alcantarillado de Irapuato (Japami) y el Instituto Municipal de Cultura, Arte y Recreaci\u00f3n (IMCAR).<\/p>\n\n\n\n<p>\u201cTodav\u00eda no est\u00e1 cerrado el tema del monto de los vi\u00e1ticos. Cada \u00e1rea participante cubrir\u00e1 sus propios gastos: el Instituto Municipal de Agricultura, la Japami y la presidenta municipal, quien decidi\u00f3 cubrir personalmente su viaje\u201d, explic\u00f3 Hern\u00e1ndez Mart\u00ednez.<\/p>\n\n\n\n<p>Cuestionado sobre si existe un estimado del gasto, el funcionario reiter\u00f3 que a\u00fan no se cuenta con una cifra.&nbsp;<\/p>\n\n\n\n<p>\u201cTodav\u00eda no lo tenemos cerrado. Ya al finalizar el viaje les podremos informar claramente el monto de los gastos\u201d, dijo.<\/p>\n\n\n\n<p>Respecto a si ya se han erogado recursos en boletos de avi\u00f3n o del hospedaje, se\u00f1al\u00f3 que cada dependencia involucrada ha estado cubriendo sus propios costos.&nbsp;<\/p>\n\n\n\n<p>\u201cAl concluir el viaje podremos tener el resumen concreto del monto gastado y se los informaremos con mucho gusto\u201d, asegur\u00f3.<\/p>\n","protected":false},"excerpt":{"rendered":"<p>El secretario particular del gobierno municipal de Irapuato, Humberto Hern\u00e1ndez Mart\u00ednez, inform\u00f3 que a\u00fan no se ha determinado el costo total del viaje que realizar\u00e1 la alcaldesa Lorena Alfaro Garc\u00eda a Espa\u00f1a, junto con los titulares de la Junta de Agua Potable y Alcantarillado de Irapuato (Japami) y el Instituto Municipal de Cultura, Arte y&#8230;<\/p>\n","protected":false},"author":1,"featured_media":4933,"comment_status":"open","ping_status":"closed","sticky":false,"template":"","format":"standard","meta":{"footnotes":""},"categories":[8],"tags":[],"class_list":["post-4932","post","type-post","status-publish","format-standard","has-post-thumbnail","hentry","category-irapuato"],"_links":{"self":[{"href":"https:\/\/primerplanoirapuato.com\/index.php\/wp-json\/wp\/v2\/posts\/4932","targetHints":{"allow":["GET"]}}],"collection":[{"href":"https:\/\/primerplanoirapuato.com\/index.php\/wp-json\/wp\/v2\/posts"}],"about":[{"href":"https:\/\/primerplanoirapuato.com\/index.php\/wp-json\/wp\/v2\/types\/post"}],"author":[{"embeddable":true,"href":"https:\/\/primerplanoirapuato.com\/index.php\/wp-json\/wp\/v2\/users\/1"}],"replies":[{"embeddable":true,"href":"https:\/\/primerplanoirapuato.com\/index.php\/wp-json\/wp\/v2\/comments?post=4932"}],"version-history":[{"count":0,"href":"https:\/\/primerplanoirapuato.com\/index.php\/wp-json\/wp\/v2\/posts\/4932\/revisions"}],"wp:featuredmedia":[{"embeddable":true,"href":"https:\/\/primerplanoirapuato.com\/index.php\/wp-json\/"}],"wp:attachment":[{"href":"https:\/\/primerplanoirapuato.com\/index.php\/wp-json\/wp\/v2\/media?parent=4932"}],"wp:term":[{"taxonomy":"category","embeddable":true,"href":"https:\/\/primerplanoirapuato.com\/index.php\/wp-json\/wp\/v2\/categories?post=4932"},{"taxonomy":"post_tag","embeddable":true,"href":"https:\/\/primerplanoirapuato.com\/index.php\/wp-json\/wp\/v2\/tags?post=4932"}],"curies":[{"name":"wp","href":"https:\/\/api.w.org\/{rel}","templated":true}]}}