{"id":4917,"date":"2025-04-03T20:14:18","date_gmt":"2025-04-03T20:14:18","guid":{"rendered":"https:\/\/primerplanoirapuato.com\/?p=4917"},"modified":"2025-04-03T20:14:18","modified_gmt":"2025-04-03T20:14:18","slug":"piden-pan-y-prd-al-gobierno-federal-visibilizar-y-atender-a-las-personas-con-discapacidades-ocultas","status":"publish","type":"post","link":"https:\/\/primerplanoirapuato.com\/index.php\/2025\/04\/03\/piden-pan-y-prd-al-gobierno-federal-visibilizar-y-atender-a-las-personas-con-discapacidades-ocultas\/","title":{"rendered":"Piden PAN y PRD al gobierno federal visibilizar y atender a las personas con discapacidades ocultas"},"content":{"rendered":"\n<p><\/p>\n\n\n\n<p><\/p>\n\n\n\n<p><\/p>\n\n\n\n<p>Con el fin de visibilizar y atender las necesidades de las personas con discapacidades ocultas, el diputado Jes\u00fas Hern\u00e1ndez Hern\u00e1ndez present\u00f3, a nombre del GPPAN y la RPPRD, un punto de acuerdo para solicitar a la Secretar\u00eda del Bienestar generar pol\u00edticas p\u00fablicas que aseguren un trato digno e inclusivo para fomentar la participaci\u00f3n en la sociedad.<\/p>\n\n\n\n<p>El legislador explic\u00f3 que esta discapacidad es una condici\u00f3n que padece una persona en aspectos f\u00edsicos, mentales o neurol\u00f3gicos y que es dif\u00edcil de detectar a simple vista, ya que no se utiliza una silla de ruedas o un bast\u00f3n.<\/p>\n\n\n\n<p>\u201cExisten miles de personas que viven en esta condici\u00f3n que no se perciben a simple vista, pero que limita su d\u00eda a d\u00eda; aunque no la veamos, est\u00e1 ah\u00ed, afectando cada aspecto de su vida y muchas veces aisl\u00e1ndolos en silencio. Estas son las llamadas discapacidades invisibles\u201d, refiri\u00f3.<\/p>\n\n\n\n<p>Expuso algunos ejemplos, tales como fatiga cr\u00f3nica, fatiga externa, enfermedades mentales, neurol\u00f3gicas, autismo, TDAH, dislexia, s\u00edndrome de Tourette, epilepsia, trastorno por d\u00e9ficit de atenci\u00f3n, hiperactividad, entre otros.<\/p>\n\n\n\n<p>A\u00f1adi\u00f3 que estos padecimientos no solo tienen un impacto negativo en las y los pacientes, sino tambi\u00e9n en sus relaciones familiares y sociales, donde sus s\u00edntomas suelen malinterpretarse como falta de esfuerzo, exageraci\u00f3n o simple desinter\u00e9s.<\/p>\n\n\n\n<p>\u201cLo m\u00e1s doloroso es que esas personas enfrentan un doble desaf\u00edo: sobrellevar sus s\u00edntomas y convivir con la comprensi\u00f3n, los perjuicios y la indiferencia. Creemos err\u00f3neamente que la discapacidad se nota, cuando muchas veces se vive en silencio\u201d, afirm\u00f3.<\/p>\n\n\n\n<p>El congresista Jes\u00fas Hern\u00e1ndez se\u00f1al\u00f3 que todas las formas de discapacidad requieren reconocimiento social y pol\u00edticas p\u00fablicas con un enfoque de derechos humanos que garanticen igualdad de condiciones y un trato digno.<\/p>\n\n\n\n<p>\u201cUrge establecer protocolos, realizar campa\u00f1as de sensibilizaci\u00f3n y eliminar las barreras que impiden su participaci\u00f3n plena en la sociedad. Porque una sociedad verdaderamente incluyente no solo observa, tambi\u00e9n comprende y tambi\u00e9n act\u00faa\u201d, finaliz\u00f3.<\/p>\n\n\n\n<p>El punto de acuerdo se envi\u00f3 a la Comisi\u00f3n de Derechos Humanos y Atenci\u00f3n a Grupos Vulnerables, para su estudio y dictamen.<\/p>\n\n\n\n<figure class=\"wp-block-table\"><table class=\"has-fixed-layout\"><tbody><tr><td>&nbsp;<\/td><\/tr><\/tbody><\/table><\/figure>\n","protected":false},"excerpt":{"rendered":"<p>Con el fin de visibilizar y atender las necesidades de las personas con discapacidades ocultas, el diputado Jes\u00fas Hern\u00e1ndez Hern\u00e1ndez present\u00f3, a nombre del GPPAN y la RPPRD, un punto de acuerdo para solicitar a la Secretar\u00eda del Bienestar generar pol\u00edticas p\u00fablicas que aseguren un trato digno e inclusivo para fomentar la participaci\u00f3n en la&#8230;<\/p>\n","protected":false},"author":1,"featured_media":4918,"comment_status":"open","ping_status":"closed","sticky":false,"template":"","format":"standard","meta":{"footnotes":""},"categories":[6],"tags":[],"class_list":["post-4917","post","type-post","status-publish","format-standard","has-post-thumbnail","hentry","category-estatal"],"_links":{"self":[{"href":"https:\/\/primerplanoirapuato.com\/index.php\/wp-json\/wp\/v2\/posts\/4917","targetHints":{"allow":["GET"]}}],"collection":[{"href":"https:\/\/primerplanoirapuato.com\/index.php\/wp-json\/wp\/v2\/posts"}],"about":[{"href":"https:\/\/primerplanoirapuato.com\/index.php\/wp-json\/wp\/v2\/types\/post"}],"author":[{"embeddable":true,"href":"https:\/\/primerplanoirapuato.com\/index.php\/wp-json\/wp\/v2\/users\/1"}],"replies":[{"embeddable":true,"href":"https:\/\/primerplanoirapuato.com\/index.php\/wp-json\/wp\/v2\/comments?post=4917"}],"version-history":[{"count":0,"href":"https:\/\/primerplanoirapuato.com\/index.php\/wp-json\/wp\/v2\/posts\/4917\/revisions"}],"wp:featuredmedia":[{"embeddable":true,"href":"https:\/\/primerplanoirapuato.com\/index.php\/wp-json\/"}],"wp:attachment":[{"href":"https:\/\/primerplanoirapuato.com\/index.php\/wp-json\/wp\/v2\/media?parent=4917"}],"wp:term":[{"taxonomy":"category","embeddable":true,"href":"https:\/\/primerplanoirapuato.com\/index.php\/wp-json\/wp\/v2\/categories?post=4917"},{"taxonomy":"post_tag","embeddable":true,"href":"https:\/\/primerplanoirapuato.com\/index.php\/wp-json\/wp\/v2\/tags?post=4917"}],"curies":[{"name":"wp","href":"https:\/\/api.w.org\/{rel}","templated":true}]}}