{"id":4914,"date":"2025-04-03T19:12:00","date_gmt":"2025-04-03T19:12:00","guid":{"rendered":"https:\/\/primerplanoirapuato.com\/?p=4914"},"modified":"2025-04-03T19:12:00","modified_gmt":"2025-04-03T19:12:00","slug":"rescatan-a-joven-y-desarticulan-grupo-criminal-en-salamanca","status":"publish","type":"post","link":"https:\/\/primerplanoirapuato.com\/index.php\/2025\/04\/03\/rescatan-a-joven-y-desarticulan-grupo-criminal-en-salamanca\/","title":{"rendered":"RESCATAN A JOVEN Y DESARTICULAN GRUPO CRIMINAL EN SALAMANCA"},"content":{"rendered":"\n<p><\/p>\n\n\n\n<p>La Fiscal\u00eda General del Estado de Guanajuato llev\u00f3 a cabo una exitosa operaci\u00f3n que culmin\u00f3 con la liberaci\u00f3n de una joven de 18 a\u00f1os, quien hab\u00eda sido secuestrada en Irapuato el 25 de febrero de 2025. La v\u00edctima fue localizada en un inmueble de la comunidad El Caj\u00f3n, en Salamanca, tras una exhaustiva investigaci\u00f3n de inteligencia.<\/p>\n\n\n\n<p>Durante el operativo, las autoridades lograron la detenci\u00f3n de seis personas, entre ellas tres adolescentes, as\u00ed como a Uriel Iv\u00e1n \u201cN\u201d (24 a\u00f1os), Manuel \u201cN\u201d (25 a\u00f1os) y Mar\u00eda Yolanda \u201cN\u201d (41 a\u00f1os). Estos individuos fueron vinculados a un grupo criminal que operaba en la regi\u00f3n.<\/p>\n\n\n\n<p>Adem\u00e1s de la liberaci\u00f3n de la v\u00edctima, los agentes aseguraron varias armas de alto calibre, incluidos fusiles de asalto y pistolas, as\u00ed como chalecos bal\u00edsticos y nueve tel\u00e9fonos celulares. Todo esto como parte de las evidencias que vinculan a los detenidos con actividades il\u00edcitas.<\/p>\n\n\n\n<p>Los detenidos enfrentan cargos por secuestro, portaci\u00f3n de armas de fuego, cargadores y cartuchos de uso exclusivo, y ser\u00e1n procesados por estos delitos ante la justicia. La Fiscal\u00eda General del Estado reafirma su compromiso de seguir combatiendo el crimen y protegiendo a los ciudadanos de Guanajuato.<\/p>\n\n\n\n<p>Este operativo subraya la importancia de la colaboraci\u00f3n y el trabajo coordinado entre las autoridades para erradicar los grupos criminales y devolver la seguridad a las comunidades. #<\/p>\n\n\n\n<p><\/p>\n","protected":false},"excerpt":{"rendered":"<p>La Fiscal\u00eda General del Estado de Guanajuato llev\u00f3 a cabo una exitosa operaci\u00f3n que culmin\u00f3 con la liberaci\u00f3n de una joven de 18 a\u00f1os, quien hab\u00eda sido secuestrada en Irapuato el 25 de febrero de 2025. La v\u00edctima fue localizada en un inmueble de la comunidad El Caj\u00f3n, en Salamanca, tras una exhaustiva investigaci\u00f3n de&#8230;<\/p>\n","protected":false},"author":1,"featured_media":4915,"comment_status":"open","ping_status":"closed","sticky":false,"template":"","format":"standard","meta":{"footnotes":""},"categories":[6,8],"tags":[],"class_list":["post-4914","post","type-post","status-publish","format-standard","has-post-thumbnail","hentry","category-estatal","category-irapuato"],"_links":{"self":[{"href":"https:\/\/primerplanoirapuato.com\/index.php\/wp-json\/wp\/v2\/posts\/4914","targetHints":{"allow":["GET"]}}],"collection":[{"href":"https:\/\/primerplanoirapuato.com\/index.php\/wp-json\/wp\/v2\/posts"}],"about":[{"href":"https:\/\/primerplanoirapuato.com\/index.php\/wp-json\/wp\/v2\/types\/post"}],"author":[{"embeddable":true,"href":"https:\/\/primerplanoirapuato.com\/index.php\/wp-json\/wp\/v2\/users\/1"}],"replies":[{"embeddable":true,"href":"https:\/\/primerplanoirapuato.com\/index.php\/wp-json\/wp\/v2\/comments?post=4914"}],"version-history":[{"count":0,"href":"https:\/\/primerplanoirapuato.com\/index.php\/wp-json\/wp\/v2\/posts\/4914\/revisions"}],"wp:featuredmedia":[{"embeddable":true,"href":"https:\/\/primerplanoirapuato.com\/index.php\/wp-json\/"}],"wp:attachment":[{"href":"https:\/\/primerplanoirapuato.com\/index.php\/wp-json\/wp\/v2\/media?parent=4914"}],"wp:term":[{"taxonomy":"category","embeddable":true,"href":"https:\/\/primerplanoirapuato.com\/index.php\/wp-json\/wp\/v2\/categories?post=4914"},{"taxonomy":"post_tag","embeddable":true,"href":"https:\/\/primerplanoirapuato.com\/index.php\/wp-json\/wp\/v2\/tags?post=4914"}],"curies":[{"name":"wp","href":"https:\/\/api.w.org\/{rel}","templated":true}]}}