{"id":4854,"date":"2025-04-01T18:56:26","date_gmt":"2025-04-01T18:56:26","guid":{"rendered":"https:\/\/primerplanoirapuato.com\/?p=4854"},"modified":"2025-04-01T18:56:26","modified_gmt":"2025-04-01T18:56:26","slug":"reafirman-compromiso-de-trabajar-por-los-derechos-de-las-ninas-y-ninos-de-irapuato","status":"publish","type":"post","link":"https:\/\/primerplanoirapuato.com\/index.php\/2025\/04\/01\/reafirman-compromiso-de-trabajar-por-los-derechos-de-las-ninas-y-ninos-de-irapuato\/","title":{"rendered":"Reafirman Compromiso de Trabajar por los Derechos de las Ni\u00f1as y Ni\u00f1os de Irapuato"},"content":{"rendered":"\n<p>Para darle la bienvenida al cuarto mes del a\u00f1o, el Gobierno Municipal, en compa\u00f1\u00eda de instituciones educativas, autoridades estatales, federales, integrantes del Ayuntamiento y Directores Generales, realizaron honores a la bandera, destacando actividades y fechas importantes de abril.&nbsp;<\/p>\n\n\n\n<p>Lorena Alfaro Garc\u00eda, presidenta de Irapuato, destac\u00f3 que durante este mes se conmemora el nacimiento de Leona Vicario, una mujer valiente y visionaria, que jug\u00f3 un papel importante en la lucha por la Independencia de M\u00e9xico, as\u00ed como el D\u00eda del Ni\u00f1o y la Ni\u00f1a, una fecha llena de alegr\u00eda que llama a seguir actuando para garantizar el bienestar, el desarrollo y derechos de este grupo de la poblaci\u00f3n.&nbsp;<\/p>\n\n\n\n<p>Alfaro Garc\u00eda agreg\u00f3 que, durante abril, se conmemora el D\u00eda Mundial de la Salud, fecha que nos hace recordar lo importante que es cuidar nuestro cuerpo y mente, por ello en Irapuato se cuenta con grandes espacios para la generaci\u00f3n del deporte, como las Deportivas Sur, Norte y El Copal, as\u00ed como parques vecinales, Parque Irekua y muchos lugares m\u00e1s.&nbsp;<\/p>\n\n\n\n<p>Joyce Guerrero Barajas, directora de Educaci\u00f3n, record\u00f3 esta actividad, como parte del Programa de Actos C\u00edvicos, con el cual se renueva el compromiso con los valores que unen a la ciudadan\u00eda como naci\u00f3n, con libertad, justicia y soberan\u00eda.<\/p>\n","protected":false},"excerpt":{"rendered":"<p>Para darle la bienvenida al cuarto mes del a\u00f1o, el Gobierno Municipal, en compa\u00f1\u00eda de instituciones educativas, autoridades estatales, federales, integrantes del Ayuntamiento y Directores Generales, realizaron honores a la bandera, destacando actividades y fechas importantes de abril.&nbsp; Lorena Alfaro Garc\u00eda, presidenta de Irapuato, destac\u00f3 que durante este mes se conmemora el nacimiento de Leona&#8230;<\/p>\n","protected":false},"author":1,"featured_media":4855,"comment_status":"open","ping_status":"closed","sticky":false,"template":"","format":"standard","meta":{"footnotes":""},"categories":[8],"tags":[],"class_list":["post-4854","post","type-post","status-publish","format-standard","has-post-thumbnail","hentry","category-irapuato"],"_links":{"self":[{"href":"https:\/\/primerplanoirapuato.com\/index.php\/wp-json\/wp\/v2\/posts\/4854","targetHints":{"allow":["GET"]}}],"collection":[{"href":"https:\/\/primerplanoirapuato.com\/index.php\/wp-json\/wp\/v2\/posts"}],"about":[{"href":"https:\/\/primerplanoirapuato.com\/index.php\/wp-json\/wp\/v2\/types\/post"}],"author":[{"embeddable":true,"href":"https:\/\/primerplanoirapuato.com\/index.php\/wp-json\/wp\/v2\/users\/1"}],"replies":[{"embeddable":true,"href":"https:\/\/primerplanoirapuato.com\/index.php\/wp-json\/wp\/v2\/comments?post=4854"}],"version-history":[{"count":0,"href":"https:\/\/primerplanoirapuato.com\/index.php\/wp-json\/wp\/v2\/posts\/4854\/revisions"}],"wp:featuredmedia":[{"embeddable":true,"href":"https:\/\/primerplanoirapuato.com\/index.php\/wp-json\/"}],"wp:attachment":[{"href":"https:\/\/primerplanoirapuato.com\/index.php\/wp-json\/wp\/v2\/media?parent=4854"}],"wp:term":[{"taxonomy":"category","embeddable":true,"href":"https:\/\/primerplanoirapuato.com\/index.php\/wp-json\/wp\/v2\/categories?post=4854"},{"taxonomy":"post_tag","embeddable":true,"href":"https:\/\/primerplanoirapuato.com\/index.php\/wp-json\/wp\/v2\/tags?post=4854"}],"curies":[{"name":"wp","href":"https:\/\/api.w.org\/{rel}","templated":true}]}}