{"id":2854,"date":"2024-12-19T21:02:28","date_gmt":"2024-12-19T21:02:28","guid":{"rendered":"https:\/\/primerplanoirapuato.com\/?p=2854"},"modified":"2024-12-19T21:02:28","modified_gmt":"2024-12-19T21:02:28","slug":"estado-reforzara-armamento-de-fuerzas-estatales-jorge-jimenez-lona","status":"publish","type":"post","link":"https:\/\/primerplanoirapuato.com\/index.php\/2024\/12\/19\/estado-reforzara-armamento-de-fuerzas-estatales-jorge-jimenez-lona\/","title":{"rendered":"Estado reforzar\u00e1 armamento de fuerzas estatales: Jorge Jim\u00e9nez Lona"},"content":{"rendered":"\n<p><\/p>\n\n\n\n<p>El secretario de Gobierno, Jorge Jim\u00e9nez Lona, anunci\u00f3 que las fuerzas estatales contar\u00e1n pr\u00f3ximamente con armas de mayor calibre y capacidad de fuego, como parte de una estrategia para fortalecer su capacidad de respuesta frente a los crecientes desaf\u00edos de seguridad en la entidad.<\/p>\n\n\n\n<p>Esta autorizaci\u00f3n la otorg\u00f3 la SEDENA, luego de que la gobernadora, Libia Denisse se reuni\u00f3 ayer con mandos militares en la entidad.<\/p>\n\n\n\n<p><\/p>\n\n\n\n<p>\u201cLa gobernadora ha solicitado ampliar el calibre y la capacidad de fuego de las armas que tenemos. Ya pr\u00e1cticamente nos dieron un s\u00ed, y vamos a estar respondiendo con licencias colectivas para fortalecer la capacidad de respuesta de nuestros compa\u00f1eros\u201d, declar\u00f3 Jim\u00e9nez Lona.<\/p>\n\n\n\n<p> Subray\u00f3 que la medida busca equilibrar la fuerza frente a las amenazas que enfrentan.<\/p>\n\n\n\n<p>El funcionario reconoci\u00f3 que los grupos delictivos en la regi\u00f3n poseen armamento de alta capacidad, lo que exige un esfuerzo coordinado entre las fuerzas estatales y federales.<\/p>\n\n\n\n<p> \u201cEs evidente que las armas que ellos poseen son de otras dimensiones. Lo que hemos pedido tambi\u00e9n es el apoyo de la Sedena. Nuestra coordinaci\u00f3n con las autoridades federales es clave, ya que ellos tienen la capacidad para repeler este tipo de situaciones\u201d, destac\u00f3.<\/p>\n\n\n\n<p>La iniciativa forma parte de una estrategia integral para garantizar la seguridad en el estado, con el respaldo de las autoridades federales y la Secretar\u00eda de la Defensa Nacional (Sedena).<\/p>\n","protected":false},"excerpt":{"rendered":"<p>El secretario de Gobierno, Jorge Jim\u00e9nez Lona, anunci\u00f3 que las fuerzas estatales contar\u00e1n pr\u00f3ximamente con armas de mayor calibre y capacidad de fuego, como parte de una estrategia para fortalecer su capacidad de respuesta frente a los crecientes desaf\u00edos de seguridad en la entidad. Esta autorizaci\u00f3n la otorg\u00f3 la SEDENA, luego de que la gobernadora,&#8230;<\/p>\n","protected":false},"author":1,"featured_media":2855,"comment_status":"open","ping_status":"closed","sticky":false,"template":"","format":"standard","meta":{"footnotes":""},"categories":[1],"tags":[],"class_list":["post-2854","post","type-post","status-publish","format-standard","has-post-thumbnail","hentry","category-uncategorized"],"_links":{"self":[{"href":"https:\/\/primerplanoirapuato.com\/index.php\/wp-json\/wp\/v2\/posts\/2854","targetHints":{"allow":["GET"]}}],"collection":[{"href":"https:\/\/primerplanoirapuato.com\/index.php\/wp-json\/wp\/v2\/posts"}],"about":[{"href":"https:\/\/primerplanoirapuato.com\/index.php\/wp-json\/wp\/v2\/types\/post"}],"author":[{"embeddable":true,"href":"https:\/\/primerplanoirapuato.com\/index.php\/wp-json\/wp\/v2\/users\/1"}],"replies":[{"embeddable":true,"href":"https:\/\/primerplanoirapuato.com\/index.php\/wp-json\/wp\/v2\/comments?post=2854"}],"version-history":[{"count":0,"href":"https:\/\/primerplanoirapuato.com\/index.php\/wp-json\/wp\/v2\/posts\/2854\/revisions"}],"wp:featuredmedia":[{"embeddable":true,"href":"https:\/\/primerplanoirapuato.com\/index.php\/wp-json\/"}],"wp:attachment":[{"href":"https:\/\/primerplanoirapuato.com\/index.php\/wp-json\/wp\/v2\/media?parent=2854"}],"wp:term":[{"taxonomy":"category","embeddable":true,"href":"https:\/\/primerplanoirapuato.com\/index.php\/wp-json\/wp\/v2\/categories?post=2854"},{"taxonomy":"post_tag","embeddable":true,"href":"https:\/\/primerplanoirapuato.com\/index.php\/wp-json\/wp\/v2\/tags?post=2854"}],"curies":[{"name":"wp","href":"https:\/\/api.w.org\/{rel}","templated":true}]}}