{"id":2839,"date":"2024-12-19T04:29:45","date_gmt":"2024-12-19T04:29:45","guid":{"rendered":"https:\/\/primerplanoirapuato.com\/?p=2839"},"modified":"2024-12-19T04:29:45","modified_gmt":"2024-12-19T04:29:45","slug":"camion-se-incendia-en-la-carretera-silao-leon-una-persona-calcinada","status":"publish","type":"post","link":"https:\/\/primerplanoirapuato.com\/index.php\/2024\/12\/19\/camion-se-incendia-en-la-carretera-silao-leon-una-persona-calcinada\/","title":{"rendered":"Cami\u00f3n se incendia en la carretera Silao-Le\u00f3n; una persona calcinada"},"content":{"rendered":"\n<p>Un fuerte incendio se registr\u00f3 la tarde de este mi\u00e9rcoles sobre la carretera Silao-Le\u00f3n, a la altura del Puerto Interior, tras el impacto de un cami\u00f3n con un remolque.<\/p>\n\n\n\n<p>Seg\u00fan los primeros reportes, uno de los conductores logr\u00f3 salir ileso, ya que detuvo su unidad a tiempo y descendi\u00f3 antes de que el veh\u00edculo se consumiera en llamas. Sin embargo, en el cami\u00f3n trasero, que se impact\u00f3 en el lugar, los bomberos encontraron un cuerpo calcinado entre los restos del tr\u00e1iler.<\/p>\n\n\n\n<p>Hasta el momento, las autoridades no han confirmado si la persona fallecida era el conductor de la segunda unidad.<\/p>\n\n\n\n<p>Elementos de seguridad, bomberos y personal de Protecci\u00f3n Civil acudieron al lugar para sofocar el incendio y realizar las labores correspondientes. La zona fue acordonada y permanece bajo investigaci\u00f3n para determinar las causas del siniestro.<\/p>\n\n\n\n<p>El tr\u00e1fico en este tramo de la carretera se vio afectado mientras las autoridades llevaban a cabo sus labores.<\/p>\n\n\n\n<p><\/p>\n\n\n\n<p><\/p>\n\n\n\n<p><\/p>\n","protected":false},"excerpt":{"rendered":"<p>Un fuerte incendio se registr\u00f3 la tarde de este mi\u00e9rcoles sobre la carretera Silao-Le\u00f3n, a la altura del Puerto Interior, tras el impacto de un cami\u00f3n con un remolque. Seg\u00fan los primeros reportes, uno de los conductores logr\u00f3 salir ileso, ya que detuvo su unidad a tiempo y descendi\u00f3 antes de que el veh\u00edculo se&#8230;<\/p>\n","protected":false},"author":1,"featured_media":2840,"comment_status":"open","ping_status":"closed","sticky":false,"template":"","format":"standard","meta":{"footnotes":""},"categories":[1],"tags":[],"class_list":["post-2839","post","type-post","status-publish","format-standard","has-post-thumbnail","hentry","category-uncategorized"],"_links":{"self":[{"href":"https:\/\/primerplanoirapuato.com\/index.php\/wp-json\/wp\/v2\/posts\/2839","targetHints":{"allow":["GET"]}}],"collection":[{"href":"https:\/\/primerplanoirapuato.com\/index.php\/wp-json\/wp\/v2\/posts"}],"about":[{"href":"https:\/\/primerplanoirapuato.com\/index.php\/wp-json\/wp\/v2\/types\/post"}],"author":[{"embeddable":true,"href":"https:\/\/primerplanoirapuato.com\/index.php\/wp-json\/wp\/v2\/users\/1"}],"replies":[{"embeddable":true,"href":"https:\/\/primerplanoirapuato.com\/index.php\/wp-json\/wp\/v2\/comments?post=2839"}],"version-history":[{"count":0,"href":"https:\/\/primerplanoirapuato.com\/index.php\/wp-json\/wp\/v2\/posts\/2839\/revisions"}],"wp:featuredmedia":[{"embeddable":true,"href":"https:\/\/primerplanoirapuato.com\/index.php\/wp-json\/"}],"wp:attachment":[{"href":"https:\/\/primerplanoirapuato.com\/index.php\/wp-json\/wp\/v2\/media?parent=2839"}],"wp:term":[{"taxonomy":"category","embeddable":true,"href":"https:\/\/primerplanoirapuato.com\/index.php\/wp-json\/wp\/v2\/categories?post=2839"},{"taxonomy":"post_tag","embeddable":true,"href":"https:\/\/primerplanoirapuato.com\/index.php\/wp-json\/wp\/v2\/tags?post=2839"}],"curies":[{"name":"wp","href":"https:\/\/api.w.org\/{rel}","templated":true}]}}