{"id":2830,"date":"2024-12-18T20:25:35","date_gmt":"2024-12-18T20:25:35","guid":{"rendered":"https:\/\/primerplanoirapuato.com\/?p=2830"},"modified":"2024-12-18T20:25:35","modified_gmt":"2024-12-18T20:25:35","slug":"reconoce-alcalde-de-abasolo-labor-de-policias","status":"publish","type":"post","link":"https:\/\/primerplanoirapuato.com\/index.php\/2024\/12\/18\/reconoce-alcalde-de-abasolo-labor-de-policias\/","title":{"rendered":"Reconoce Alcalde de Abasolo, labor de polic\u00edas"},"content":{"rendered":"\n<p>La Direcci\u00f3n de Seguridad P\u00fablica de Abasolo, celebr\u00f3 este mi\u00e9rcoles 18 de diciembre, la condecoraci\u00f3n a cuatro elementos de esta corporaci\u00f3n, por diferentes motivos, tales como al&nbsp;M\u00e9rito ejemplar,&nbsp;M\u00e9rito policial,&nbsp;Trayectoria&nbsp;al servicio de la comunidad por&nbsp;20 a\u00f1os&nbsp;y Trayectoria al servicio de la comunidadpor&nbsp;17 a\u00f1os, evento en el cual estuvo presente el&nbsp;Presidente&nbsp;Municipal Job Eduardo Gallardo Santellano.<\/p>\n\n\n\n<p>Adem\u00e1s de las condecoraciones a los elementos policiales, se realiz\u00f3 la entrega de equipamiento, con el cual se fortalece esta dependencia municipal, consistente en 1 unidad tipo pick up equipada como patrulla, 1 unidad tipo motocicleta equipada como patrulla, equipos anti mot\u00edn, escudos anti mot\u00edn y c\u00e1maras corporales.<\/p>\n\n\n\n<p>Al respecto, Job Gallardo expres\u00f3 la importancia de equipar correctamente a la corporaci\u00f3n, adem\u00e1s manifest\u00f3 su&nbsp;total&nbsp;compromiso, ya que la percepci\u00f3n de la ciudadan\u00eda hacia los polic\u00edas&nbsp;de Abasolo,&nbsp;ha mejorado notablemente,&nbsp;de manera que el proceso de dignificaci\u00f3n a esta instituci\u00f3n es urgente, por lo que se ha comenzado de inmediato con dicho equipo que ayudar\u00e1 en esta mejor\u00eda al servicio a la ciudadan\u00eda.<\/p>\n","protected":false},"excerpt":{"rendered":"<p>La Direcci\u00f3n de Seguridad P\u00fablica de Abasolo, celebr\u00f3 este mi\u00e9rcoles 18 de diciembre, la condecoraci\u00f3n a cuatro elementos de esta corporaci\u00f3n, por diferentes motivos, tales como al&nbsp;M\u00e9rito ejemplar,&nbsp;M\u00e9rito policial,&nbsp;Trayectoria&nbsp;al servicio de la comunidad por&nbsp;20 a\u00f1os&nbsp;y Trayectoria al servicio de la comunidadpor&nbsp;17 a\u00f1os, evento en el cual estuvo presente el&nbsp;Presidente&nbsp;Municipal Job Eduardo Gallardo Santellano. Adem\u00e1s de&#8230;<\/p>\n","protected":false},"author":1,"featured_media":2831,"comment_status":"open","ping_status":"closed","sticky":false,"template":"","format":"standard","meta":{"footnotes":""},"categories":[1],"tags":[],"class_list":["post-2830","post","type-post","status-publish","format-standard","has-post-thumbnail","hentry","category-uncategorized"],"_links":{"self":[{"href":"https:\/\/primerplanoirapuato.com\/index.php\/wp-json\/wp\/v2\/posts\/2830","targetHints":{"allow":["GET"]}}],"collection":[{"href":"https:\/\/primerplanoirapuato.com\/index.php\/wp-json\/wp\/v2\/posts"}],"about":[{"href":"https:\/\/primerplanoirapuato.com\/index.php\/wp-json\/wp\/v2\/types\/post"}],"author":[{"embeddable":true,"href":"https:\/\/primerplanoirapuato.com\/index.php\/wp-json\/wp\/v2\/users\/1"}],"replies":[{"embeddable":true,"href":"https:\/\/primerplanoirapuato.com\/index.php\/wp-json\/wp\/v2\/comments?post=2830"}],"version-history":[{"count":0,"href":"https:\/\/primerplanoirapuato.com\/index.php\/wp-json\/wp\/v2\/posts\/2830\/revisions"}],"wp:featuredmedia":[{"embeddable":true,"href":"https:\/\/primerplanoirapuato.com\/index.php\/wp-json\/"}],"wp:attachment":[{"href":"https:\/\/primerplanoirapuato.com\/index.php\/wp-json\/wp\/v2\/media?parent=2830"}],"wp:term":[{"taxonomy":"category","embeddable":true,"href":"https:\/\/primerplanoirapuato.com\/index.php\/wp-json\/wp\/v2\/categories?post=2830"},{"taxonomy":"post_tag","embeddable":true,"href":"https:\/\/primerplanoirapuato.com\/index.php\/wp-json\/wp\/v2\/tags?post=2830"}],"curies":[{"name":"wp","href":"https:\/\/api.w.org\/{rel}","templated":true}]}}