{"id":2827,"date":"2024-12-18T18:20:24","date_gmt":"2024-12-18T18:20:24","guid":{"rendered":"https:\/\/primerplanoirapuato.com\/?p=2827"},"modified":"2024-12-18T18:20:24","modified_gmt":"2024-12-18T18:20:24","slug":"lider-migrante-pide-fortalecer-derechos-y-apoyos-para-connacionales-en-guanajuato","status":"publish","type":"post","link":"https:\/\/primerplanoirapuato.com\/index.php\/2024\/12\/18\/lider-migrante-pide-fortalecer-derechos-y-apoyos-para-connacionales-en-guanajuato\/","title":{"rendered":"L\u00edder migrante pide fortalecer derechos y apoyos para connacionales en Guanajuato"},"content":{"rendered":"\n<p>En el marco del D\u00eda Internacional del Migrante, Aar\u00f3n Caba\u00f1as Marcial, l\u00edder de la Uni\u00f3n de Campesinos y Emigrantes Mexicanos (UCEM), hizo un llamado a los gobiernos estatal y municipal para fortalecer las pol\u00edticas de apoyo hacia los migrantes, reconociendo los aportes que hacen al desarrollo del pa\u00eds.<\/p>\n\n\n\n<p>Caba\u00f1as destac\u00f3 que muchos migrantes regresan a M\u00e9xico con la intenci\u00f3n de disfrutar de su pa\u00eds, pero lamentablemente se van decepcionados debido a la falta de atenci\u00f3n y apoyo.&nbsp;<\/p>\n\n\n\n<p>Subray\u00f3 la necesidad de que el D\u00eda Internacional del Migrante no sea solo un festejo simb\u00f3lico, sino que se traduzca en acciones concretas por parte de las autoridades.<\/p>\n\n\n\n<p>\u201cTenemos que seguir fortaleciendo e impulsando este d\u00eda con acciones de gobierno que respalden sus derechos, que les brinden apoyos y atiendan su resentimiento por la falta de atenci\u00f3n\u201d, se\u00f1al\u00f3 el l\u00edder migrante.<\/p>\n\n\n\n<p>Aar\u00f3n Caba\u00f1as enfatiz\u00f3 que los migrantes son un pilar econ\u00f3mico fundamental para Guanajuato y M\u00e9xico, y merecen reconocimiento y respaldo en temas como derechos laborales, integraci\u00f3n social y programas que beneficien a sus familias en las comunidades expulsoras.<\/p>\n\n\n\n<p>Con este llamado, el l\u00edder de la UCEM insisti\u00f3 en la importancia de una agenda p\u00fablica que atienda de manera integral las necesidades de los migrantes, valorando no solo su esfuerzo, sino tambi\u00e9n su contribuci\u00f3n econ\u00f3mica y social.<\/p>\n","protected":false},"excerpt":{"rendered":"<p>En el marco del D\u00eda Internacional del Migrante, Aar\u00f3n Caba\u00f1as Marcial, l\u00edder de la Uni\u00f3n de Campesinos y Emigrantes Mexicanos (UCEM), hizo un llamado a los gobiernos estatal y municipal para fortalecer las pol\u00edticas de apoyo hacia los migrantes, reconociendo los aportes que hacen al desarrollo del pa\u00eds. Caba\u00f1as destac\u00f3 que muchos migrantes regresan a&#8230;<\/p>\n","protected":false},"author":1,"featured_media":2828,"comment_status":"open","ping_status":"closed","sticky":false,"template":"","format":"standard","meta":{"footnotes":""},"categories":[1],"tags":[],"class_list":["post-2827","post","type-post","status-publish","format-standard","has-post-thumbnail","hentry","category-uncategorized"],"_links":{"self":[{"href":"https:\/\/primerplanoirapuato.com\/index.php\/wp-json\/wp\/v2\/posts\/2827","targetHints":{"allow":["GET"]}}],"collection":[{"href":"https:\/\/primerplanoirapuato.com\/index.php\/wp-json\/wp\/v2\/posts"}],"about":[{"href":"https:\/\/primerplanoirapuato.com\/index.php\/wp-json\/wp\/v2\/types\/post"}],"author":[{"embeddable":true,"href":"https:\/\/primerplanoirapuato.com\/index.php\/wp-json\/wp\/v2\/users\/1"}],"replies":[{"embeddable":true,"href":"https:\/\/primerplanoirapuato.com\/index.php\/wp-json\/wp\/v2\/comments?post=2827"}],"version-history":[{"count":0,"href":"https:\/\/primerplanoirapuato.com\/index.php\/wp-json\/wp\/v2\/posts\/2827\/revisions"}],"wp:featuredmedia":[{"embeddable":true,"href":"https:\/\/primerplanoirapuato.com\/index.php\/wp-json\/"}],"wp:attachment":[{"href":"https:\/\/primerplanoirapuato.com\/index.php\/wp-json\/wp\/v2\/media?parent=2827"}],"wp:term":[{"taxonomy":"category","embeddable":true,"href":"https:\/\/primerplanoirapuato.com\/index.php\/wp-json\/wp\/v2\/categories?post=2827"},{"taxonomy":"post_tag","embeddable":true,"href":"https:\/\/primerplanoirapuato.com\/index.php\/wp-json\/wp\/v2\/tags?post=2827"}],"curies":[{"name":"wp","href":"https:\/\/api.w.org\/{rel}","templated":true}]}}