{"id":2400,"date":"2024-11-19T00:44:47","date_gmt":"2024-11-19T00:44:47","guid":{"rendered":"https:\/\/primerplanoirapuato.com\/?p=2400"},"modified":"2024-11-19T00:44:47","modified_gmt":"2024-11-19T00:44:47","slug":"descarta-alcaldesa-de-irapuato-caceria-de-policias-tras-asesinato-de-oficial","status":"publish","type":"post","link":"https:\/\/primerplanoirapuato.com\/index.php\/2024\/11\/19\/descarta-alcaldesa-de-irapuato-caceria-de-policias-tras-asesinato-de-oficial\/","title":{"rendered":"Descarta alcaldesa de Irapuato \u201ccacer\u00eda de polic\u00edas\u201d tras asesinato de oficial"},"content":{"rendered":"\n<p>La alcaldesa Lorena Alfaro Garc\u00eda lament\u00f3 profundamente el asesinato del polic\u00eda Omar Villafa\u00f1a Alvarado, ocurrido durante la madrugada del domingo 17 de noviembre afuera de una farmacia en el bulevar San Roque.&nbsp;<\/p>\n\n\n\n<p>En su mensaje, expres\u00f3 su solidaridad con la familia del oficial y conden\u00f3 en\u00e9rgicamente este acto de violencia.<\/p>\n\n\n\n<p>La Presidenta Municipal descart\u00f3 que el asesinato sea parte de una supuesta \u201ccacer\u00eda de agentes\u201d en la ciudad, una teor\u00eda que ha surgido tras recientes hechos violentos contra elementos de seguridad.<\/p>\n\n\n\n<p>\u201cEs lamentable lo ocurrido, pero quiero dejar claro que no existe evidencia de una persecuci\u00f3n directa hacia los polic\u00edas de Irapuato. Nuestro compromiso sigue siendo proteger a los ciudadanos y a nuestros elementos de seguridad\u201d, afirm\u00f3 Alfaro Garc\u00eda.<\/p>\n\n\n\n<p>La alcaldesa destac\u00f3 que, tras el homicidio, dos sujetos fueron detenidos como presuntos responsables del ataque. Inform\u00f3 que las autoridades ministeriales ya trabajan en el caso para garantizar que no haya impunidad.<\/p>\n\n\n\n<p>\u201cLo positivo es que ya hay personas detenidas. Esto demuestra que estamos actuando de manera inmediata y firme para dar resultados. Conf\u00edo en que la Fiscal\u00eda General del Estado realizar\u00e1 las investigaciones correspondientes para esclarecer este crimen\u201d, declar\u00f3.<\/p>\n\n\n\n<p>Lorena Alfaro aprovech\u00f3 para reconocer el trabajo realizado por la Polic\u00eda Municipal de Irapuato, se\u00f1alando que, pese a los retos, los elementos han logrado numerosas detenciones a lo largo del a\u00f1o.&nbsp;<\/p>\n\n\n\n<p>\u201cLos agentes de nuestra corporaci\u00f3n han demostrado compromiso y valent\u00eda en su labor de proteger a la ciudadan\u00eda\u201d, finaliz\u00f3.<\/p>\n\n\n\n<p><\/p>\n\n\n\n<p><\/p>\n","protected":false},"excerpt":{"rendered":"<p>La alcaldesa Lorena Alfaro Garc\u00eda lament\u00f3 profundamente el asesinato del polic\u00eda Omar Villafa\u00f1a Alvarado, ocurrido durante la madrugada del domingo 17 de noviembre afuera de una farmacia en el bulevar San Roque.&nbsp; En su mensaje, expres\u00f3 su solidaridad con la familia del oficial y conden\u00f3 en\u00e9rgicamente este acto de violencia. La Presidenta Municipal descart\u00f3 que&#8230;<\/p>\n","protected":false},"author":1,"featured_media":2401,"comment_status":"open","ping_status":"closed","sticky":false,"template":"","format":"standard","meta":{"footnotes":""},"categories":[1],"tags":[],"class_list":["post-2400","post","type-post","status-publish","format-standard","has-post-thumbnail","hentry","category-uncategorized"],"_links":{"self":[{"href":"https:\/\/primerplanoirapuato.com\/index.php\/wp-json\/wp\/v2\/posts\/2400","targetHints":{"allow":["GET"]}}],"collection":[{"href":"https:\/\/primerplanoirapuato.com\/index.php\/wp-json\/wp\/v2\/posts"}],"about":[{"href":"https:\/\/primerplanoirapuato.com\/index.php\/wp-json\/wp\/v2\/types\/post"}],"author":[{"embeddable":true,"href":"https:\/\/primerplanoirapuato.com\/index.php\/wp-json\/wp\/v2\/users\/1"}],"replies":[{"embeddable":true,"href":"https:\/\/primerplanoirapuato.com\/index.php\/wp-json\/wp\/v2\/comments?post=2400"}],"version-history":[{"count":0,"href":"https:\/\/primerplanoirapuato.com\/index.php\/wp-json\/wp\/v2\/posts\/2400\/revisions"}],"wp:featuredmedia":[{"embeddable":true,"href":"https:\/\/primerplanoirapuato.com\/index.php\/wp-json\/"}],"wp:attachment":[{"href":"https:\/\/primerplanoirapuato.com\/index.php\/wp-json\/wp\/v2\/media?parent=2400"}],"wp:term":[{"taxonomy":"category","embeddable":true,"href":"https:\/\/primerplanoirapuato.com\/index.php\/wp-json\/wp\/v2\/categories?post=2400"},{"taxonomy":"post_tag","embeddable":true,"href":"https:\/\/primerplanoirapuato.com\/index.php\/wp-json\/wp\/v2\/tags?post=2400"}],"curies":[{"name":"wp","href":"https:\/\/api.w.org\/{rel}","templated":true}]}}