{"id":239,"date":"2024-08-14T22:22:11","date_gmt":"2024-08-14T22:22:11","guid":{"rendered":"http:\/\/www.primerplanoirapuato.com\/?p=36625"},"modified":"2024-08-14T22:22:11","modified_gmt":"2024-08-14T22:22:11","slug":"inaugura-gobernador-congreso-para-la-prevencion-social","status":"publish","type":"post","link":"https:\/\/primerplanoirapuato.com\/index.php\/2024\/08\/14\/inaugura-gobernador-congreso-para-la-prevencion-social\/","title":{"rendered":"Inaugura gobernador, Congreso para la Prevenci\u00f3n Social"},"content":{"rendered":"\n<p>La cultura de la paz, nace en el seno del hogar, se desarrolla en la escuela y se hace fuerte en la comunidad. Es por ello, que las personas son el centro de nuestros esfuerzos, porque son agentes de cambio que generan c\u00edrculos virtuosos de bienestar y seguridad.<\/p>\n\n\n\n<p>As\u00ed lo dijo el Gobernador del Estado, Diego Sinhue Rodr\u00edguez Vallejo, al inaugurar &nbsp;el 11\u00ba Congreso Internacional para la Prevenci\u00f3n Social de la Violencia y la Delincuencia.<\/p>\n\n\n\n<p>\u201cMe da mucho gusto, dar la bienvenida a Guanajuato, a los participantes a este Und\u00e9cimo Congreso, recibimos con cordialidad, a los conferencistas y visitantes de Argentina, Chile, Colombia, Espa\u00f1a, Estados Unidos, Inglaterra, y por supuesto de M\u00e9xico que est\u00e1n con nosotros\u201d, expres\u00f3 el Mandatario.<\/p>\n\n\n\n<p>Se\u00f1al\u00f3 que la prevenci\u00f3n social de la violencia es una tarea multifactorial. Y todos tenemos una parte que aportar para avanzar en la soluci\u00f3n de esta problem\u00e1tica.<\/p>\n\n\n\n<p>Por eso, ser\u00e1 un gusto, escuchar y aprender de las y los expertos de varios pa\u00edses, que hoy nos vienen a compartir sus experiencias y conocimientos. Atender sus ideas, sus experiencias y sus propuestas de estrategias exitosas. Porque ese es el prop\u00f3sito de este encuentro, el de aprovechar y compartir experiencias, agreg\u00f3 el Gobernador.<\/p>\n\n\n\n<p>Resalt\u00f3 que en Guanajuato, se tiene el Programa Estatal para la Prevenci\u00f3n Social de la Violencia y la Delincuencia, que se actualiza constantemente y que surgi\u00f3 desde la sociedad.<\/p>\n\n\n\n<p>Este programa cuenta con l\u00edneas de acci\u00f3n que est\u00e1n siendo ejecutadas a trav\u00e9s de un gran programa transversal, con la participaci\u00f3n de m\u00e1s de 20 dependencias del Gobierno del Estado, a\u00f1adi\u00f3.<\/p>\n\n\n\n<p>Eventos como este congreso, han sido muy \u00fatiles para el dise\u00f1o, fortalecimiento y constante actualizaci\u00f3n de nuestro programa estatal. Por eso, este programa coloca en el centro de su quehacer a la familia, la escuela y la comunidad, resalt\u00f3 el Mandatario Estatal.<\/p>\n\n\n\n<p>\u201cEstamos convencidos de que el gran reto que enfrentamos en materia de prevenci\u00f3n y seguridad, tiene soluci\u00f3n si trabajamos en el fortalecimiento de la principal c\u00e9lula de la comunidad: que es la familia\u201d, expres\u00f3 Rodr\u00edguez Vallejo.<\/p>\n\n\n\n<p>Estoy seguro, que de aqu\u00ed, saldr\u00e1n importantes reflexiones para nuevas iniciativas de abordar este complejo problema social. \u201cEstamos listos, para escuchar, para participar, para generar energ\u00eda positiva, para actuar en favor de la prevenci\u00f3n social de la violencia\u201d, apunt\u00f3 el Gobernador.<\/p>\n\n\n\n<p>El Congreso Internacional se dirige a las funcionarias y funcionarios p\u00fablicos, acad\u00e9micos, investigadores, organismos aut\u00f3nomos, y a todas las personas interesadas en el amplio espectro de conocimientos para la prevenci\u00f3n social de las violencias y la delincuencia.<\/p>\n\n\n\n<p>Es un espacio interdisciplinario e interinstitucional para el intercambio de opiniones y aprendizajes, en torno a los nuevos paradigmas de la prevenci\u00f3n social de las violencias y la delincuencia, estrategias de intervenci\u00f3n, y an\u00e1lisis fenomenol\u00f3gico de las violencias, &nbsp;explic\u00f3 el Secretario de Seguridad P\u00fablica del Estado, Alvar Cabeza de Vaca Appendini.<\/p>\n\n\n\n<p>Algunas conferencias son: \u00bfReconstrucci\u00f3n o anticipaci\u00f3n? reflexiones cr\u00edticas sobre los paradigmas de investigaci\u00f3n y algunos reflejos de la violencia armada. Ponente: Patricio Rosas, Chile. Y la experiencia anticrimen organizado en Michoac\u00e1n 2005-2024. Ponente: Jerjes Izcoatl Aguirre Ochoa.<\/p>\n","protected":false},"excerpt":{"rendered":"<p>La cultura de la paz, nace en el seno del hogar, se desarrolla en la escuela y se hace fuerte en la comunidad. Es por ello, que las personas son el centro de nuestros esfuerzos, porque son agentes de cambio que generan c\u00edrculos virtuosos de bienestar y seguridad. As\u00ed lo dijo el Gobernador del Estado,&#8230;<\/p>\n","protected":false},"author":1,"featured_media":63,"comment_status":"closed","ping_status":"closed","sticky":false,"template":"","format":"standard","meta":{"footnotes":""},"categories":[7],"tags":[],"class_list":["post-239","post","type-post","status-publish","format-standard","has-post-thumbnail","hentry","category-guanajuato-rojo"],"_links":{"self":[{"href":"https:\/\/primerplanoirapuato.com\/index.php\/wp-json\/wp\/v2\/posts\/239","targetHints":{"allow":["GET"]}}],"collection":[{"href":"https:\/\/primerplanoirapuato.com\/index.php\/wp-json\/wp\/v2\/posts"}],"about":[{"href":"https:\/\/primerplanoirapuato.com\/index.php\/wp-json\/wp\/v2\/types\/post"}],"author":[{"embeddable":true,"href":"https:\/\/primerplanoirapuato.com\/index.php\/wp-json\/wp\/v2\/users\/1"}],"replies":[{"embeddable":true,"href":"https:\/\/primerplanoirapuato.com\/index.php\/wp-json\/wp\/v2\/comments?post=239"}],"version-history":[{"count":0,"href":"https:\/\/primerplanoirapuato.com\/index.php\/wp-json\/wp\/v2\/posts\/239\/revisions"}],"wp:featuredmedia":[{"embeddable":true,"href":"https:\/\/primerplanoirapuato.com\/index.php\/wp-json\/"}],"wp:attachment":[{"href":"https:\/\/primerplanoirapuato.com\/index.php\/wp-json\/wp\/v2\/media?parent=239"}],"wp:term":[{"taxonomy":"category","embeddable":true,"href":"https:\/\/primerplanoirapuato.com\/index.php\/wp-json\/wp\/v2\/categories?post=239"},{"taxonomy":"post_tag","embeddable":true,"href":"https:\/\/primerplanoirapuato.com\/index.php\/wp-json\/wp\/v2\/tags?post=239"}],"curies":[{"name":"wp","href":"https:\/\/api.w.org\/{rel}","templated":true}]}}