{"id":233,"date":"2024-08-15T17:30:13","date_gmt":"2024-08-15T17:30:13","guid":{"rendered":"http:\/\/www.primerplanoirapuato.com\/?p=36646"},"modified":"2024-08-15T17:30:13","modified_gmt":"2024-08-15T17:30:13","slug":"inauguran-actividades-de-programa-irapuato-vive","status":"publish","type":"post","link":"https:\/\/primerplanoirapuato.com\/index.php\/2024\/08\/15\/inauguran-actividades-de-programa-irapuato-vive\/","title":{"rendered":"INAUGURAN ACTIVIDADES DE PROGRAMA \u2018IRAPUATO VIVE\u2019"},"content":{"rendered":"\n<p>Las actividades gratuitas del programa&nbsp;&#8216;Irapuato Vive&#8217;&nbsp;para conmemorar el aniversario&nbsp;51 de la Inundaci\u00f3n de Irapuato,&nbsp;ya comenzaron y&nbsp;continuar\u00e1n este viernes&nbsp;16 de agosto.<\/p>\n\n\n\n<p>Lorena Alfaro&nbsp;Garc\u00eda, presidenta municipal, inaugur\u00f3 la infograf\u00eda \u2018Japami: 40 a\u00f1os trabajando por ti\u2019 en la Plaza del Artista y la exposici\u00f3n fotogr\u00e1fica \u2018Agua Viva\u2019 en la Fuente Florentina,&nbsp;que estar\u00e1 disponible hasta el 20 de agosto.&nbsp;<\/p>\n\n\n\n<p>\u201cVale la pena que hagamos un esfuerzo extraordinario para difundir este programa, para que m\u00e1s&nbsp;irapuatenses&nbsp;se acerquen a conocer, a observar y a ser parte de estos d\u00edas que estaremos haciendo la conmemoraci\u00f3n del aniversario n\u00famero 51\u201d, destac\u00f3.&nbsp;<\/p>\n\n\n\n<p>Adem\u00e1s, invit\u00f3 la&nbsp;ciudadan\u00eda a participar de las actividades de este viernes&nbsp;que iniciar\u00e1n a&nbsp;las&nbsp;8:30 de la ma\u00f1ana&nbsp;con la presentaci\u00f3n del&nbsp;&#8216;Plan de Respuesta ante Inundaciones para Establecimientos y Comercios&#8217;, el &#8216;Plan de Respuesta Comunitaria ante una Emergencia&#8217; y el &#8216;Informe de Acciones Estrategias del Gobierno&#8217;, todo en la explanada de la Plaza del Artista.<\/p>\n\n\n\n<p>Israel Mart\u00ednez Negrete, coordinador municipal de Protecci\u00f3n Civil y de&nbsp;Bomberos, explic\u00f3 que,&nbsp;con este suceso, las y los&nbsp;irapuatenses&nbsp;se hicieron m\u00e1s conscientes sobre la importancia de saber qu\u00e9&nbsp;hacer durante alg\u00fan desastre natural.<\/p>\n\n\n\n<p>\u201cNuestro trabajo principal es la coordinaci\u00f3n, la capacitaci\u00f3n y mitigaci\u00f3n de riesgos. Ahorita que estamos enfocados en el aniversario de la inundaci\u00f3n de Irapuato;&nbsp;quiero compartir que, a parte de la resiliencia de los ciudadanos, hemos visto un gran inter\u00e9s en la prevenci\u00f3n\u201d, resalt\u00f3.<\/p>\n\n\n\n<p>El viernes 16 de agosto, a&nbsp;las 2 de la tarde, arrancar\u00e1 el taller para la elaboraci\u00f3n del &#8216;Plan Familiar ante una Emergencia&#8217; y, a&nbsp;las 5 de la tarde,&nbsp;el Coloquio Conmemorativo del 51 Aniversario de la Inundaci\u00f3n del 18 de agosto de 1973 en Irapuato, est\u00e1s dos actividades tambi\u00e9n se llevar\u00e1n a cabo&nbsp;en la Plaza del Artista.&nbsp;<\/p>\n\n\n\n<p>A las 6:30 en el Archivo Hist\u00f3rico Municipal,&nbsp;se har\u00e1 la presentaci\u00f3n&nbsp;editorial de&nbsp;la reimpresi\u00f3n del libro: \u201850 a\u00f1os, 50 historias de&nbsp;la Inundaci\u00f3n de Irapuato 1973\u2019, que el Gobierno de Irapuato imprimi\u00f3 para compilar los recuerdos de&nbsp;irapuatenses&nbsp;que vivieron este suceso o que sus familiares les compartieron historias sobre este hecho.<\/p>\n\n\n\n<p>Las actividades son gratuitas y continuar\u00e1n hasta el 19 de agosto para que todas y todos puedan participar, recordar y aprender sobre uno de los acontecimientos que marc\u00f3 el rumbo de nuestra ciudad.<\/p>\n","protected":false},"excerpt":{"rendered":"<p>Las actividades gratuitas del programa&nbsp;&#8216;Irapuato Vive&#8217;&nbsp;para conmemorar el aniversario&nbsp;51 de la Inundaci\u00f3n de Irapuato,&nbsp;ya comenzaron y&nbsp;continuar\u00e1n este viernes&nbsp;16 de agosto. Lorena Alfaro&nbsp;Garc\u00eda, presidenta municipal, inaugur\u00f3 la infograf\u00eda \u2018Japami: 40 a\u00f1os trabajando por ti\u2019 en la Plaza del Artista y la exposici\u00f3n fotogr\u00e1fica \u2018Agua Viva\u2019 en la Fuente Florentina,&nbsp;que estar\u00e1 disponible hasta el 20 de agosto.&nbsp;&#8230;<\/p>\n","protected":false},"author":1,"featured_media":50,"comment_status":"closed","ping_status":"closed","sticky":false,"template":"","format":"standard","meta":{"footnotes":""},"categories":[7],"tags":[],"class_list":["post-233","post","type-post","status-publish","format-standard","has-post-thumbnail","hentry","category-guanajuato-rojo"],"_links":{"self":[{"href":"https:\/\/primerplanoirapuato.com\/index.php\/wp-json\/wp\/v2\/posts\/233","targetHints":{"allow":["GET"]}}],"collection":[{"href":"https:\/\/primerplanoirapuato.com\/index.php\/wp-json\/wp\/v2\/posts"}],"about":[{"href":"https:\/\/primerplanoirapuato.com\/index.php\/wp-json\/wp\/v2\/types\/post"}],"author":[{"embeddable":true,"href":"https:\/\/primerplanoirapuato.com\/index.php\/wp-json\/wp\/v2\/users\/1"}],"replies":[{"embeddable":true,"href":"https:\/\/primerplanoirapuato.com\/index.php\/wp-json\/wp\/v2\/comments?post=233"}],"version-history":[{"count":0,"href":"https:\/\/primerplanoirapuato.com\/index.php\/wp-json\/wp\/v2\/posts\/233\/revisions"}],"wp:featuredmedia":[{"embeddable":true,"href":"https:\/\/primerplanoirapuato.com\/index.php\/wp-json\/"}],"wp:attachment":[{"href":"https:\/\/primerplanoirapuato.com\/index.php\/wp-json\/wp\/v2\/media?parent=233"}],"wp:term":[{"taxonomy":"category","embeddable":true,"href":"https:\/\/primerplanoirapuato.com\/index.php\/wp-json\/wp\/v2\/categories?post=233"},{"taxonomy":"post_tag","embeddable":true,"href":"https:\/\/primerplanoirapuato.com\/index.php\/wp-json\/wp\/v2\/tags?post=233"}],"curies":[{"name":"wp","href":"https:\/\/api.w.org\/{rel}","templated":true}]}}