{"id":232,"date":"2024-08-15T18:37:54","date_gmt":"2024-08-15T18:37:54","guid":{"rendered":"http:\/\/www.primerplanoirapuato.com\/?p=36649"},"modified":"2024-08-15T18:37:54","modified_gmt":"2024-08-15T18:37:54","slug":"a-51-anos-de-la-inundacion-es-necesaria-la-prevencion-alcaldesa","status":"publish","type":"post","link":"https:\/\/primerplanoirapuato.com\/index.php\/2024\/08\/15\/a-51-anos-de-la-inundacion-es-necesaria-la-prevencion-alcaldesa\/","title":{"rendered":"A 51 a\u00f1os de la inundaci\u00f3n, es necesaria la prevenci\u00f3n: alcaldesa"},"content":{"rendered":"\n<p>A 51 a\u00f1os de la devastadora inundaci\u00f3n que afect\u00f3 a Irapuato, la presidenta municipal, Lorena Alfaro Garc\u00eda, reflexion\u00f3 sobre los desaf\u00edos que enfrenta el municipio en materia de prevenci\u00f3n y respuesta ante emergencias.<\/p>\n\n\n\n<p>Durante un recorrido por una exposici\u00f3n fotogr\u00e1fica en el centro hist\u00f3rico, donde se rememoraron los esfuerzos heroicos de los cuerpos de bomberos de aquella \u00e9poca, Alfaro Garc\u00eda destac\u00f3 la importancia de no bajar la guardia y de fortalecer constantemente las \u00e1reas de emergencia.<\/p>\n\n\n\n<p>\u00abEn este momento estamos actualizando nuestro Atlas de Riesgo, y tenemos que comprender que es indispensable que fortalezcamos en todo momento a las \u00e1reas de emergencia, porque nunca sabemos en qu\u00e9 momento tendremos que echar mano de ellas,\u00bb se\u00f1al\u00f3 la presidenta. <\/p>\n\n\n\n<p>Alfaro Garc\u00eda enfatiz\u00f3 que la clave para enfrentar estos retos es mantener una constante vigilancia y fortalecer las fuerzas de emergencia del municipio, con el objetivo de estar siempre listos para proteger a la poblaci\u00f3n ante cualquier eventualidad.<\/p>\n","protected":false},"excerpt":{"rendered":"<p>A 51 a\u00f1os de la devastadora inundaci\u00f3n que afect\u00f3 a Irapuato, la presidenta municipal, Lorena Alfaro Garc\u00eda, reflexion\u00f3 sobre los desaf\u00edos que enfrenta el municipio en materia de prevenci\u00f3n y respuesta ante emergencias. Durante un recorrido por una exposici\u00f3n fotogr\u00e1fica en el centro hist\u00f3rico, donde se rememoraron los esfuerzos heroicos de los cuerpos de bomberos&#8230;<\/p>\n","protected":false},"author":1,"featured_media":50,"comment_status":"closed","ping_status":"closed","sticky":false,"template":"","format":"standard","meta":{"footnotes":""},"categories":[8],"tags":[],"class_list":["post-232","post","type-post","status-publish","format-standard","has-post-thumbnail","hentry","category-irapuato"],"_links":{"self":[{"href":"https:\/\/primerplanoirapuato.com\/index.php\/wp-json\/wp\/v2\/posts\/232","targetHints":{"allow":["GET"]}}],"collection":[{"href":"https:\/\/primerplanoirapuato.com\/index.php\/wp-json\/wp\/v2\/posts"}],"about":[{"href":"https:\/\/primerplanoirapuato.com\/index.php\/wp-json\/wp\/v2\/types\/post"}],"author":[{"embeddable":true,"href":"https:\/\/primerplanoirapuato.com\/index.php\/wp-json\/wp\/v2\/users\/1"}],"replies":[{"embeddable":true,"href":"https:\/\/primerplanoirapuato.com\/index.php\/wp-json\/wp\/v2\/comments?post=232"}],"version-history":[{"count":0,"href":"https:\/\/primerplanoirapuato.com\/index.php\/wp-json\/wp\/v2\/posts\/232\/revisions"}],"wp:featuredmedia":[{"embeddable":true,"href":"https:\/\/primerplanoirapuato.com\/index.php\/wp-json\/"}],"wp:attachment":[{"href":"https:\/\/primerplanoirapuato.com\/index.php\/wp-json\/wp\/v2\/media?parent=232"}],"wp:term":[{"taxonomy":"category","embeddable":true,"href":"https:\/\/primerplanoirapuato.com\/index.php\/wp-json\/wp\/v2\/categories?post=232"},{"taxonomy":"post_tag","embeddable":true,"href":"https:\/\/primerplanoirapuato.com\/index.php\/wp-json\/wp\/v2\/tags?post=232"}],"curies":[{"name":"wp","href":"https:\/\/api.w.org\/{rel}","templated":true}]}}