{"id":2051,"date":"2024-10-24T12:24:32","date_gmt":"2024-10-24T12:24:32","guid":{"rendered":"https:\/\/primerplanoirapuato.com\/?p=2051"},"modified":"2024-10-24T12:24:32","modified_gmt":"2024-10-24T12:24:32","slug":"dirigente-campesino-exige-apoyo-directo-para-braceros-y-viudas-en-guanajuato","status":"publish","type":"post","link":"https:\/\/primerplanoirapuato.com\/index.php\/2024\/10\/24\/dirigente-campesino-exige-apoyo-directo-para-braceros-y-viudas-en-guanajuato\/","title":{"rendered":"Dirigente campesino exige apoyo directo para braceros y viudas en Guanajuato"},"content":{"rendered":"\n<p><\/p>\n\n\n\n<p>Aar\u00f3n Caba\u00f1as Marcial, dirigente de la Uni\u00f3n Campesina de Emigrantes Mexicanos, anunci\u00f3 que buscar\u00e1 di\u00e1logo con la diputada Maribel Aguilar y con la fracci\u00f3n de Morena en la C\u00e1mara de Diputados para exigir la creaci\u00f3n de un rubro especial destinado a los braceros, sus viudas y representantes. Caba\u00f1as Marcial argumenta que este apoyo ya existe en otros estados y que es fundamental implementarlo en Guanajuato.<\/p>\n\n\n\n<p>En su declaraci\u00f3n, se\u00f1al\u00f3 que est\u00e1n gestionando una reuni\u00f3n con el gobierno estatal, y que el pr\u00f3ximo 28 de noviembre, braceros de todo el estado se manifestar\u00e1n primero en el Congreso local y posteriormente en el Palacio de Gobierno para exigir una respuesta. \u201cNos quedaremos el tiempo que sea necesario hasta ser atendidos\u201d, afirm\u00f3.<\/p>\n\n\n\n<p>El dirigente tambi\u00e9n critic\u00f3 la desaparici\u00f3n de la Secretar\u00eda del Migrante, se\u00f1alando que fue un retroceso en los avances logrados para los migrantes en el estado. Actualmente, el apoyo a migrantes se gestiona a trav\u00e9s de una subsecretar\u00eda dentro de la Secretar\u00eda de Derechos Humanos, lo cual Caba\u00f1as considera insuficiente.<\/p>\n\n\n\n<p>Adem\u00e1s, anunci\u00f3 que una de las peticiones del movimiento ser\u00e1 la instalaci\u00f3n de un programa de legalizaci\u00f3n de veh\u00edculos americanos, una medida que beneficiar\u00eda a las familias migrantes del estado.<\/p>\n\n\n\n<p>Caba\u00f1as Marcial finaliz\u00f3 diciendo que est\u00e1n abiertos al di\u00e1logo, pero que mantendr\u00e1n una postura firme hasta que se atiendan sus demandas.<\/p>\n","protected":false},"excerpt":{"rendered":"<p>Aar\u00f3n Caba\u00f1as Marcial, dirigente de la Uni\u00f3n Campesina de Emigrantes Mexicanos, anunci\u00f3 que buscar\u00e1 di\u00e1logo con la diputada Maribel Aguilar y con la fracci\u00f3n de Morena en la C\u00e1mara de Diputados para exigir la creaci\u00f3n de un rubro especial destinado a los braceros, sus viudas y representantes. Caba\u00f1as Marcial argumenta que este apoyo ya existe&#8230;<\/p>\n","protected":false},"author":1,"featured_media":2052,"comment_status":"open","ping_status":"closed","sticky":false,"template":"","format":"standard","meta":{"footnotes":""},"categories":[1],"tags":[],"class_list":["post-2051","post","type-post","status-publish","format-standard","has-post-thumbnail","hentry","category-uncategorized"],"_links":{"self":[{"href":"https:\/\/primerplanoirapuato.com\/index.php\/wp-json\/wp\/v2\/posts\/2051","targetHints":{"allow":["GET"]}}],"collection":[{"href":"https:\/\/primerplanoirapuato.com\/index.php\/wp-json\/wp\/v2\/posts"}],"about":[{"href":"https:\/\/primerplanoirapuato.com\/index.php\/wp-json\/wp\/v2\/types\/post"}],"author":[{"embeddable":true,"href":"https:\/\/primerplanoirapuato.com\/index.php\/wp-json\/wp\/v2\/users\/1"}],"replies":[{"embeddable":true,"href":"https:\/\/primerplanoirapuato.com\/index.php\/wp-json\/wp\/v2\/comments?post=2051"}],"version-history":[{"count":0,"href":"https:\/\/primerplanoirapuato.com\/index.php\/wp-json\/wp\/v2\/posts\/2051\/revisions"}],"wp:featuredmedia":[{"embeddable":true,"href":"https:\/\/primerplanoirapuato.com\/index.php\/wp-json\/"}],"wp:attachment":[{"href":"https:\/\/primerplanoirapuato.com\/index.php\/wp-json\/wp\/v2\/media?parent=2051"}],"wp:term":[{"taxonomy":"category","embeddable":true,"href":"https:\/\/primerplanoirapuato.com\/index.php\/wp-json\/wp\/v2\/categories?post=2051"},{"taxonomy":"post_tag","embeddable":true,"href":"https:\/\/primerplanoirapuato.com\/index.php\/wp-json\/wp\/v2\/tags?post=2051"}],"curies":[{"name":"wp","href":"https:\/\/api.w.org\/{rel}","templated":true}]}}