{"id":13681,"date":"2026-05-01T21:50:18","date_gmt":"2026-05-01T21:50:18","guid":{"rendered":"https:\/\/primerplanoirapuato.com\/?p=13681"},"modified":"2026-05-01T21:50:18","modified_gmt":"2026-05-01T21:50:18","slug":"inaugura-gobernadora-libia-dennise-la-37a-edicion-de-la-feria-nacional-del-libro-de-leon","status":"publish","type":"post","link":"https:\/\/primerplanoirapuato.com\/index.php\/2026\/05\/01\/inaugura-gobernadora-libia-dennise-la-37a-edicion-de-la-feria-nacional-del-libro-de-leon\/","title":{"rendered":"Inaugura Gobernadora Libia Dennise la 37\u00aa Edici\u00f3n de la Feria Nacional del Libro de Le\u00f3n"},"content":{"rendered":"\n<p><strong>Le\u00f3n, Gto. 01 de mayo de 2026<\/strong>.- \u00abEn el Gobierno de la Gente, estamos convencidas y convencidos que la cultura no es un lujo, sino un derecho y una herramienta de transformaci\u00f3n social\u00bb, dijo la Gobernadora, Libia Dennise Garc\u00eda Mu\u00f1oz Ledo, al inaugurar la 37\u00aa edici\u00f3n de la Feria Nacional del Libro de Le\u00f3n (FENAL), que este a\u00f1o se lleva a cabo en el marco de los festejos por el 450 aniversario de la ciudad.<\/p>\n\n\n\n<p>\u201cHoy, como Gobernadora, como mujer, como mam\u00e1, como leonesa, les deseo que sigamos durmiendo a nuestros hijos envueltos en historias, que sigamos reflej\u00e1ndonos en las letras y en los libros\u201d, expres\u00f3 Libia Dennise.<\/p>\n\n\n\n<p>En esta edici\u00f3n, la Feria se desarrolla del 1 al 10 de mayo, con una programaci\u00f3n amplia y diversa, 225 stands editoriales, m\u00e1s de 500 sellos participantes, 349 actividades entre literarias y art\u00edsticas, as\u00ed como talleres, presentaciones de libros y espacios de formaci\u00f3n. Se proyecta la asistencia de m\u00e1s de 100 mil personas.<\/p>\n\n\n\n<p>Durante la ceremonia de inauguraci\u00f3n se entreg\u00f3 elreconocimiento \u201cCompromiso con las Letras\u201d, que en esta ocasi\u00f3n distingui\u00f3 a la escritora \u00c1ngeles Mastretta, una de las voces m\u00e1s representativas de la literatura mexicana contempor\u00e1nea; y a H\u00e9ctor G\u00f3mez Vargas, por su aportaci\u00f3n al estudio de la vida cultural de Le\u00f3n. \u00c9sta es la primera vez que este reconocimiento se entrega a dos autores.<\/p>\n\n\n\n<p>Desde el Gobierno de la Gente se suman esfuerzos importantespara fortalecer esta feria. A trav\u00e9s de Marca Guanajuato se promueve el talento local; la Secretar\u00eda de Educaci\u00f3n impulsa concursos de oratoria y narraci\u00f3n moral en los que participan estudiantes; y la Secretar\u00eda de Cultura cuenta con un stand, una sala de lectura y una programaci\u00f3n propia dentro del evento.&nbsp;<\/p>\n\n\n\n<p>En su mensaje, la Gobernadora habl\u00f3 de la estrategia \u201cLeer a Tiempo\u201d, que busca fortalecer la alfabetizaci\u00f3n inicial, la comprensi\u00f3n lectora y el gusto por los libros desde edades tempranas. Actualmente, m\u00e1s del 90% de las escuelas p\u00fablicas participan en esta estrategia, con miles de docentes capacitados y materiales distribuidos en todo el estado.<\/p>\n\n\n\n<p>A trav\u00e9s de la red estatal de bibliotecas p\u00fablicas y actividades comunitarias, se realizan miles de acciones cada a\u00f1o para fomentar la lectura, alcanzando a cientos de miles de personas en todo el territorio.<\/p>\n\n\n\n<p>En este evento tambi\u00e9n estuvo presente Alejandra Guti\u00e9rrez Campos, Presidenta Municipal de Le\u00f3n; Lizeth Galv\u00e1n Cort\u00e9s, Secretaria de Cultura de Guanajuato; Lissete Aedho Espinosa, Directora del Instituto Cultura de Le\u00f3n; e integrantes del Gabinete del Gobierno de la Gente.&nbsp;<\/p>\n\n\n\n<p><strong>Premian proyectos que fortalecen la productividad y la calidad en empresas de Guanajuato<\/strong><\/p>\n\n\n\n<p>Con motivo del D\u00eda del Trabajo, la Gobernadora de la Gente, Libia Dennise Garc\u00eda Mu\u00f1oz Ledo, entreg\u00f3 el Galard\u00f3n Guanajuato Premio Estatal al M\u00e9rito Laboral, un reconocimiento que distingue el talento, la creatividad y el compromiso de las y los trabajadores que impulsan mejoras en los procesos productivos dentro de sus empresas y organizaciones.<\/p>\n\n\n\n<p>Durante la ceremonia, la Mandataria Estatal destac\u00f3 que el progreso econ\u00f3mico y social del estado se construye todos los d\u00edas gracias al esfuerzo de su gente, y subray\u00f3 la importancia de reconocer a quienes innovan y proponen soluciones que fortalecen la competitividad de Guanajuato.<\/p>\n\n\n\n<p>\u201cNo puede haber desarrollo econ\u00f3mico si no hay un reconocimiento a quienes lo hacen posible, que son las trabajadoras y los trabajadores. Aqu\u00ed el esfuerzo se potencializa cuando trabajamos en equipo\u201d, expres\u00f3 la Gobernadora.<\/p>\n\n\n\n<p>Se\u00f1al\u00f3 que cada proyecto presentado representa el compromiso de las y los trabajadores con la mejora continua, la eficiencia y la calidad en sus centros de trabajo, contribuyendo a que las empresas sean m\u00e1s productivas y seguras, y a que el estado siga avanzando con paso firme.<\/p>\n\n\n\n<p>\u201cHoy ustedes nos ponen el ejemplo y nos siguen inspirando a ser m\u00e1s. Sigan innovando, sigan haciendo equipo y sigan trabajando con el coraz\u00f3n, porque su trabajo enorgullece profundamente a nuestro querido estado de Guanajuato\u201d, afirm\u00f3 la Titular del Ejecutivo.<\/p>\n\n\n\n<p>En su intervenci\u00f3n, el Secretario de Gobierno, Jorge Daniel Jim\u00e9nez Lona, resalt\u00f3 que este galard\u00f3n reconoce ideas que nacen desde la experiencia cotidiana de las y los trabajadores, y que se convierten en proyectos reales que mejoran los entornos laborales y generan bienestar para las familias.<\/p>\n\n\n\n<p>Por su parte, Margarita Montesinos Castillo, en representaci\u00f3n del Comit\u00e9 Evaluador, explic\u00f3 que los proyectos participantes son resultado del talento y la creatividad de las y los trabajadores, quienes identifican \u00e1reas de oportunidad y desarrollan soluciones que optimizan tiempos, reducen costos y fortalecen la innovaci\u00f3n dentro de las empresas.<\/p>\n\n\n\n<p>El galard\u00f3n reconoce ideas y acciones concretas nuevas que surgen desde los propios centros de trabajo, en esta edici\u00f3n participaron 139 centros de trabajo y 29 asociaciones sindicales, y se entregaron 2 mil 913 medallas a mujeres y hombres que presentaron 491 proyectos de mejora, reflejo del compromiso y la capacidad de innovaci\u00f3n de la fuerza laboral guanajuatense.<\/p>\n\n\n\n<p><strong>Conmemora Gobernadora el D\u00eda del Trabajo<\/strong><\/p>\n\n\n\n<p>\u201cGuanajuato se posiciona como una entidad l\u00edder, por eso hoy estamos contentos de que al cierre de marzo de este 2026, contemos con m\u00e1s de 1 mill\u00f3n 127 mil trabajadores asegurados ante el IMSS, por lo que somos el 5\u00ba lugar nacional en generaci\u00f3n de empleo formal\u201d, as\u00ed lo dijo la Gobernadora de la Gente, Libia Dennise Garc\u00eda Mu\u00f1oz Ledo, al encabezar la ceremonia de conmemoraci\u00f3n del D\u00eda del Trabajo.<\/p>\n\n\n\n<p>Este evento fue organizado por la Federaci\u00f3n de Trabajadores del Estado de Guanajuato y la Federaci\u00f3n Regional de Obreros y Campesinos de Le\u00f3n, que pertenecen a la CTM, en el Domo de la Feria.<\/p>\n\n\n\n<p>\u201cAdem\u00e1s el empleo para las mujeres est\u00e1 creciendo, ya que Guanajuato se posiciona como el estado n\u00famero uno en crecimiento en el ingreso de mujeres a fuentes formales de empleo. Aqu\u00ed las mujeres trabajadoras tambi\u00e9n cuentan con nuestro apoyo\u201d, destac\u00f3 Libia Dennise.&nbsp;<\/p>\n\n\n\n<p>\u201cLas y los trabajadores son el coraz\u00f3n de Guanajuato, por ello seguiremos generando las mejores condiciones para ustedes. Cuentan con una Gobernadora aliada que nunca los va a dejar solos ni solas. El Gobierno de la Gente, camina a su lado\u201d, agreg\u00f3.<\/p>\n\n\n\n<p>A\u00f1adi\u00f3 que \u201ceste d\u00eda sea un recordatorio permanente que el trabajo enaltece. Que en Guanajuato somos fruto de la cultura del esfuerzo; aqu\u00ed, juntos seguiremos construyendo el futuro que deseamos para nuestras hijas e hijos. Me siento orgullosa de las y los trabajadores de Guanajuato\u201d, puntualiz\u00f3 la Gobernadora.<\/p>\n\n\n\n<p>Por su parte H\u00e9ctor Hugo Varela Flores, Secretario General de la Federaci\u00f3n de Trabajadores del Estado de Guanajuato, agradeci\u00f3 el apoyo que han recibido de la Gobernadora de la Gente para fortalecer el gremio de los trabajadores guanajuatenses.<\/p>\n","protected":false},"excerpt":{"rendered":"<p>Le\u00f3n, Gto. 01 de mayo de 2026.- \u00abEn el Gobierno de la Gente, estamos convencidas y convencidos que la cultura no es un lujo, sino un derecho y una herramienta de transformaci\u00f3n social\u00bb, dijo la Gobernadora, Libia Dennise Garc\u00eda Mu\u00f1oz Ledo, al inaugurar la 37\u00aa edici\u00f3n de la Feria Nacional del Libro de Le\u00f3n (FENAL),&#8230;<\/p>\n","protected":false},"author":1,"featured_media":13682,"comment_status":"open","ping_status":"closed","sticky":false,"template":"","format":"standard","meta":{"footnotes":""},"categories":[6],"tags":[],"class_list":["post-13681","post","type-post","status-publish","format-standard","has-post-thumbnail","hentry","category-estatal"],"_links":{"self":[{"href":"https:\/\/primerplanoirapuato.com\/index.php\/wp-json\/wp\/v2\/posts\/13681","targetHints":{"allow":["GET"]}}],"collection":[{"href":"https:\/\/primerplanoirapuato.com\/index.php\/wp-json\/wp\/v2\/posts"}],"about":[{"href":"https:\/\/primerplanoirapuato.com\/index.php\/wp-json\/wp\/v2\/types\/post"}],"author":[{"embeddable":true,"href":"https:\/\/primerplanoirapuato.com\/index.php\/wp-json\/wp\/v2\/users\/1"}],"replies":[{"embeddable":true,"href":"https:\/\/primerplanoirapuato.com\/index.php\/wp-json\/wp\/v2\/comments?post=13681"}],"version-history":[{"count":1,"href":"https:\/\/primerplanoirapuato.com\/index.php\/wp-json\/wp\/v2\/posts\/13681\/revisions"}],"predecessor-version":[{"id":13683,"href":"https:\/\/primerplanoirapuato.com\/index.php\/wp-json\/wp\/v2\/posts\/13681\/revisions\/13683"}],"wp:featuredmedia":[{"embeddable":true,"href":"https:\/\/primerplanoirapuato.com\/index.php\/wp-json\/wp\/v2\/media\/13682"}],"wp:attachment":[{"href":"https:\/\/primerplanoirapuato.com\/index.php\/wp-json\/wp\/v2\/media?parent=13681"}],"wp:term":[{"taxonomy":"category","embeddable":true,"href":"https:\/\/primerplanoirapuato.com\/index.php\/wp-json\/wp\/v2\/categories?post=13681"},{"taxonomy":"post_tag","embeddable":true,"href":"https:\/\/primerplanoirapuato.com\/index.php\/wp-json\/wp\/v2\/tags?post=13681"}],"curies":[{"name":"wp","href":"https:\/\/api.w.org\/{rel}","templated":true}]}}