{"id":13677,"date":"2026-05-01T16:04:02","date_gmt":"2026-05-01T16:04:02","guid":{"rendered":"https:\/\/primerplanoirapuato.com\/?p=13677"},"modified":"2026-05-01T16:04:02","modified_gmt":"2026-05-01T16:04:02","slug":"despliegan-140-elementos-para-blindar-las-fiestas-de-mayo-en-penjamo","status":"publish","type":"post","link":"https:\/\/primerplanoirapuato.com\/index.php\/2026\/05\/01\/despliegan-140-elementos-para-blindar-las-fiestas-de-mayo-en-penjamo\/","title":{"rendered":"DESPLIEGAN 140 ELEMENTOS PARA BLINDAR LAS FIESTAS DE MAYO EN P\u00c9NJAMO"},"content":{"rendered":"\n<p>P\u00e9njamo, Gto., 1 de mayo de 2026.\u2013 Un estado de fuerza de 140 elementos de Seguridad P\u00fablica, Tr\u00e1nsito y Protecci\u00f3n Civil fue desplegado en el recinto ferial para reforzar la vigilancia durante las Fiestas de Mayo 2026, donde en su primer d\u00eda se report\u00f3 saldo positivo tras la asistencia de m\u00e1s de nueve mil personas.<\/p>\n\n\n\n<p>El operativo se mantiene de forma permanente en accesos, pasillos, zona gastron\u00f3mica, \u00e1reas comerciales y el Teatro del Pueblo, con presencia preventiva y filtros de revisi\u00f3n, con el objetivo de garantizar condiciones de orden y seguridad para los asistentes.<\/p>\n\n\n\n<p>El dispositivo es coordinado por la Direcci\u00f3n de Seguridad P\u00fablica bajo el mando del comandante Rodolfo Cruz Nicol\u00e1s, quien instruy\u00f3 a los elementos a operar bajo un esquema de proximidad social, priorizando el trato directo, la orientaci\u00f3n al ciudadano y el respeto a los derechos humanos.<\/p>\n\n\n\n<p>Las autoridades municipales se\u00f1alaron que el operativo busca mantener un ambiente familiar durante toda la feria, por lo que se exhort\u00f3 a la poblaci\u00f3n a actuar con civilidad y a solicitar apoyo a cualquier elemento de seguridad o personal de emergencia en caso necesario.<\/p>\n","protected":false},"excerpt":{"rendered":"<p>P\u00e9njamo, Gto., 1 de mayo de 2026.\u2013 Un estado de fuerza de 140 elementos de Seguridad P\u00fablica, Tr\u00e1nsito y Protecci\u00f3n Civil fue desplegado en el recinto ferial para reforzar la vigilancia durante las Fiestas de Mayo 2026, donde en su primer d\u00eda se report\u00f3 saldo positivo tras la asistencia de m\u00e1s de nueve mil personas&#8230;.<\/p>\n","protected":false},"author":1,"featured_media":13678,"comment_status":"open","ping_status":"closed","sticky":false,"template":"","format":"standard","meta":{"footnotes":""},"categories":[9],"tags":[],"class_list":["post-13677","post","type-post","status-publish","format-standard","has-post-thumbnail","hentry","category-nacional"],"_links":{"self":[{"href":"https:\/\/primerplanoirapuato.com\/index.php\/wp-json\/wp\/v2\/posts\/13677","targetHints":{"allow":["GET"]}}],"collection":[{"href":"https:\/\/primerplanoirapuato.com\/index.php\/wp-json\/wp\/v2\/posts"}],"about":[{"href":"https:\/\/primerplanoirapuato.com\/index.php\/wp-json\/wp\/v2\/types\/post"}],"author":[{"embeddable":true,"href":"https:\/\/primerplanoirapuato.com\/index.php\/wp-json\/wp\/v2\/users\/1"}],"replies":[{"embeddable":true,"href":"https:\/\/primerplanoirapuato.com\/index.php\/wp-json\/wp\/v2\/comments?post=13677"}],"version-history":[{"count":1,"href":"https:\/\/primerplanoirapuato.com\/index.php\/wp-json\/wp\/v2\/posts\/13677\/revisions"}],"predecessor-version":[{"id":13679,"href":"https:\/\/primerplanoirapuato.com\/index.php\/wp-json\/wp\/v2\/posts\/13677\/revisions\/13679"}],"wp:featuredmedia":[{"embeddable":true,"href":"https:\/\/primerplanoirapuato.com\/index.php\/wp-json\/wp\/v2\/media\/13678"}],"wp:attachment":[{"href":"https:\/\/primerplanoirapuato.com\/index.php\/wp-json\/wp\/v2\/media?parent=13677"}],"wp:term":[{"taxonomy":"category","embeddable":true,"href":"https:\/\/primerplanoirapuato.com\/index.php\/wp-json\/wp\/v2\/categories?post=13677"},{"taxonomy":"post_tag","embeddable":true,"href":"https:\/\/primerplanoirapuato.com\/index.php\/wp-json\/wp\/v2\/tags?post=13677"}],"curies":[{"name":"wp","href":"https:\/\/api.w.org\/{rel}","templated":true}]}}