{"id":13674,"date":"2026-05-01T15:58:51","date_gmt":"2026-05-01T15:58:51","guid":{"rendered":"https:\/\/primerplanoirapuato.com\/?p=13674"},"modified":"2026-05-01T15:58:51","modified_gmt":"2026-05-01T15:58:51","slug":"arrancan-las-fiestas-de-mayo-en-penjamo-con-cerca-de-9-mil-asistentes-y-coronacion-de-la-reina-2026","status":"publish","type":"post","link":"https:\/\/primerplanoirapuato.com\/index.php\/2026\/05\/01\/arrancan-las-fiestas-de-mayo-en-penjamo-con-cerca-de-9-mil-asistentes-y-coronacion-de-la-reina-2026\/","title":{"rendered":"ARRANCAN LAS FIESTAS DE MAYO EN P\u00c9NJAMO CON CERCA DE 9 MIL ASISTENTES Y CORONACI\u00d3N DE LA REINA 2026"},"content":{"rendered":"\n<p>P\u00e9njamo, Gto., 1 de mayo de 2026.\u2013 Con la asistencia de cerca de nueve mil personas, iniciaron las Fiestas de Mayo P\u00e9njamo 2026 en el recinto ferial, en un arranque marcado por actos protocolarios, espect\u00e1culos y actividades con motivo del D\u00eda de la Ni\u00f1ez.<\/p>\n\n\n\n<p>La inauguraci\u00f3n fue encabezada por la alcaldesa Yozajamby Molina Balver, junto a representantes del Gobierno del Estado y de la Secretar\u00eda de Cultura e Identidad, quienes realizaron el corte de list\u00f3n y un recorrido por el \u201cPabell\u00f3n Aqu\u00ed es P\u00e9njamo\u201d, donde se exhibi\u00f3 el trabajo de productores y artesanos locales.<\/p>\n\n\n\n<p>Durante el evento se llev\u00f3 a cabo la coronaci\u00f3n de Michelle II como Reina de las Fiestas de Mayo 2026, acompa\u00f1ada por Itzel y Lizbeth como princesas. Posteriormente, se present\u00f3 el espect\u00e1culo de \u201cGuerreras K-Pop\u201d, dirigido principalmente al p\u00fablico infantil y juvenil.<\/p>\n\n\n\n<p>Con este arranque, el gobierno municipal dio inicio formal a una serie de actividades culturales, art\u00edsticas y recreativas programadas para los pr\u00f3ximos d\u00edas en el marco de la feria anual.<\/p>\n\n\n\n<p><\/p>\n\n\n\n<p><\/p>\n\n\n\n<p><\/p>\n","protected":false},"excerpt":{"rendered":"<p>P\u00e9njamo, Gto., 1 de mayo de 2026.\u2013 Con la asistencia de cerca de nueve mil personas, iniciaron las Fiestas de Mayo P\u00e9njamo 2026 en el recinto ferial, en un arranque marcado por actos protocolarios, espect\u00e1culos y actividades con motivo del D\u00eda de la Ni\u00f1ez. La inauguraci\u00f3n fue encabezada por la alcaldesa Yozajamby Molina Balver, junto&#8230;<\/p>\n","protected":false},"author":1,"featured_media":13675,"comment_status":"open","ping_status":"closed","sticky":false,"template":"","format":"standard","meta":{"footnotes":""},"categories":[9],"tags":[],"class_list":["post-13674","post","type-post","status-publish","format-standard","has-post-thumbnail","hentry","category-nacional"],"_links":{"self":[{"href":"https:\/\/primerplanoirapuato.com\/index.php\/wp-json\/wp\/v2\/posts\/13674","targetHints":{"allow":["GET"]}}],"collection":[{"href":"https:\/\/primerplanoirapuato.com\/index.php\/wp-json\/wp\/v2\/posts"}],"about":[{"href":"https:\/\/primerplanoirapuato.com\/index.php\/wp-json\/wp\/v2\/types\/post"}],"author":[{"embeddable":true,"href":"https:\/\/primerplanoirapuato.com\/index.php\/wp-json\/wp\/v2\/users\/1"}],"replies":[{"embeddable":true,"href":"https:\/\/primerplanoirapuato.com\/index.php\/wp-json\/wp\/v2\/comments?post=13674"}],"version-history":[{"count":1,"href":"https:\/\/primerplanoirapuato.com\/index.php\/wp-json\/wp\/v2\/posts\/13674\/revisions"}],"predecessor-version":[{"id":13676,"href":"https:\/\/primerplanoirapuato.com\/index.php\/wp-json\/wp\/v2\/posts\/13674\/revisions\/13676"}],"wp:featuredmedia":[{"embeddable":true,"href":"https:\/\/primerplanoirapuato.com\/index.php\/wp-json\/wp\/v2\/media\/13675"}],"wp:attachment":[{"href":"https:\/\/primerplanoirapuato.com\/index.php\/wp-json\/wp\/v2\/media?parent=13674"}],"wp:term":[{"taxonomy":"category","embeddable":true,"href":"https:\/\/primerplanoirapuato.com\/index.php\/wp-json\/wp\/v2\/categories?post=13674"},{"taxonomy":"post_tag","embeddable":true,"href":"https:\/\/primerplanoirapuato.com\/index.php\/wp-json\/wp\/v2\/tags?post=13674"}],"curies":[{"name":"wp","href":"https:\/\/api.w.org\/{rel}","templated":true}]}}