{"id":13657,"date":"2026-04-30T21:47:46","date_gmt":"2026-04-30T21:47:46","guid":{"rendered":"https:\/\/primerplanoirapuato.com\/?p=13657"},"modified":"2026-04-30T21:47:46","modified_gmt":"2026-04-30T21:47:46","slug":"con-alegria-diversion-y-convivencia-familiar-se-llevo-a-cabo-el-festival-de-la-infancia-2026","status":"publish","type":"post","link":"https:\/\/primerplanoirapuato.com\/index.php\/2026\/04\/30\/con-alegria-diversion-y-convivencia-familiar-se-llevo-a-cabo-el-festival-de-la-infancia-2026\/","title":{"rendered":"Con alegr\u00eda, diversi\u00f3n y convivencia familiar se llev\u00f3 a cabo el \u201cFestival de la Infancia\u201d 2026"},"content":{"rendered":"\n<p>El Gobierno Municipal de Abasolo llev\u00f3 a cabo el \u201cFestival de la Infancia\u201d en Plaza Constituci\u00f3n, donde cientos de ni\u00f1as, ni\u00f1os y familias disfrutaron de una tarde llena de diversi\u00f3n y sana convivencia.<\/p>\n\n\n\n<p>Durante el evento, las y los asistentes participaron en diversas actividades recreativas como juegos mec\u00e1nicos, inflables y un rally deportivo, adem\u00e1s de disfrutar de diferentes sorpresas preparadas especialmente para celebrar a la ni\u00f1ez abasolense.<\/p>\n\n\n\n<p>El festival reuni\u00f3 a familias del municipio en un ambiente de alegr\u00eda y entusiasmo, fortaleciendo la convivencia familiar y promoviendo espacios de recreaci\u00f3n para las ni\u00f1as y ni\u00f1os.<\/p>\n\n\n\n<p>Con este tipo de actividades, el Gobierno Municipal reafirm\u00f3 su compromiso de impulsar eventos que fomenten la uni\u00f3n familiar, el esparcimiento y el bienestar de la infancia en Abasolo.<\/p>\n","protected":false},"excerpt":{"rendered":"<p>El Gobierno Municipal de Abasolo llev\u00f3 a cabo el \u201cFestival de la Infancia\u201d en Plaza Constituci\u00f3n, donde cientos de ni\u00f1as, ni\u00f1os y familias disfrutaron de una tarde llena de diversi\u00f3n y sana convivencia. Durante el evento, las y los asistentes participaron en diversas actividades recreativas como juegos mec\u00e1nicos, inflables y un rally deportivo, adem\u00e1s de&#8230;<\/p>\n","protected":false},"author":1,"featured_media":13658,"comment_status":"open","ping_status":"closed","sticky":false,"template":"","format":"standard","meta":{"footnotes":""},"categories":[3],"tags":[],"class_list":["post-13657","post","type-post","status-publish","format-standard","has-post-thumbnail","hentry","category-abasolo"],"_links":{"self":[{"href":"https:\/\/primerplanoirapuato.com\/index.php\/wp-json\/wp\/v2\/posts\/13657","targetHints":{"allow":["GET"]}}],"collection":[{"href":"https:\/\/primerplanoirapuato.com\/index.php\/wp-json\/wp\/v2\/posts"}],"about":[{"href":"https:\/\/primerplanoirapuato.com\/index.php\/wp-json\/wp\/v2\/types\/post"}],"author":[{"embeddable":true,"href":"https:\/\/primerplanoirapuato.com\/index.php\/wp-json\/wp\/v2\/users\/1"}],"replies":[{"embeddable":true,"href":"https:\/\/primerplanoirapuato.com\/index.php\/wp-json\/wp\/v2\/comments?post=13657"}],"version-history":[{"count":1,"href":"https:\/\/primerplanoirapuato.com\/index.php\/wp-json\/wp\/v2\/posts\/13657\/revisions"}],"predecessor-version":[{"id":13659,"href":"https:\/\/primerplanoirapuato.com\/index.php\/wp-json\/wp\/v2\/posts\/13657\/revisions\/13659"}],"wp:featuredmedia":[{"embeddable":true,"href":"https:\/\/primerplanoirapuato.com\/index.php\/wp-json\/wp\/v2\/media\/13658"}],"wp:attachment":[{"href":"https:\/\/primerplanoirapuato.com\/index.php\/wp-json\/wp\/v2\/media?parent=13657"}],"wp:term":[{"taxonomy":"category","embeddable":true,"href":"https:\/\/primerplanoirapuato.com\/index.php\/wp-json\/wp\/v2\/categories?post=13657"},{"taxonomy":"post_tag","embeddable":true,"href":"https:\/\/primerplanoirapuato.com\/index.php\/wp-json\/wp\/v2\/tags?post=13657"}],"curies":[{"name":"wp","href":"https:\/\/api.w.org\/{rel}","templated":true}]}}