{"id":13639,"date":"2026-04-30T14:52:01","date_gmt":"2026-04-30T14:52:01","guid":{"rendered":"https:\/\/primerplanoirapuato.com\/?p=13639"},"modified":"2026-04-30T14:52:01","modified_gmt":"2026-04-30T14:52:01","slug":"arrancan-en-penjamo-las-fiestas-de-mayo-2026-en-honor-al-padre-de-la-patria","status":"publish","type":"post","link":"https:\/\/primerplanoirapuato.com\/index.php\/2026\/04\/30\/arrancan-en-penjamo-las-fiestas-de-mayo-2026-en-honor-al-padre-de-la-patria\/","title":{"rendered":"ARRANCAN EN P\u00c9NJAMO LAS FIESTAS DE MAYO 2026 EN HONOR AL PADRE DE LA PATRIA"},"content":{"rendered":"\n<p>Este d\u00eda inician oficialmente las Fiestas de Mayo 2026, una de las celebraciones m\u00e1s representativas del municipio, con actividades culturales, art\u00edsticas y recreativas que buscan reunir a las familias penjamenses en un ambiente de convivencia y tradici\u00f3n.<\/p>\n\n\n\n<p>El arranque de la festividad marca el comienzo de una serie de eventos que enmarcan el homenaje al Padre de la Patria, con la participaci\u00f3n de talento local y presentaciones musicales que dar\u00e1n vida al escenario principal instalado para esta edici\u00f3n.<\/p>\n\n\n\n<p>Las Fiestas de Mayo se han consolidado como la m\u00e1xima celebraci\u00f3n del municipio, al integrar expresiones culturales, art\u00edsticas y populares que reflejan la historia y el sentido de pertenencia de la comunidad.<\/p>\n\n\n\n<p>Con este arranque, P\u00e9njamo da inicio a varios d\u00edas de fiesta, en los que se espera una importante afluencia de visitantes y una amplia participaci\u00f3n ciudadana.<\/p>\n","protected":false},"excerpt":{"rendered":"<p>Este d\u00eda inician oficialmente las Fiestas de Mayo 2026, una de las celebraciones m\u00e1s representativas del municipio, con actividades culturales, art\u00edsticas y recreativas que buscan reunir a las familias penjamenses en un ambiente de convivencia y tradici\u00f3n. El arranque de la festividad marca el comienzo de una serie de eventos que enmarcan el homenaje al&#8230;<\/p>\n","protected":false},"author":1,"featured_media":13640,"comment_status":"open","ping_status":"closed","sticky":false,"template":"","format":"standard","meta":{"footnotes":""},"categories":[9],"tags":[],"class_list":["post-13639","post","type-post","status-publish","format-standard","has-post-thumbnail","hentry","category-nacional"],"_links":{"self":[{"href":"https:\/\/primerplanoirapuato.com\/index.php\/wp-json\/wp\/v2\/posts\/13639","targetHints":{"allow":["GET"]}}],"collection":[{"href":"https:\/\/primerplanoirapuato.com\/index.php\/wp-json\/wp\/v2\/posts"}],"about":[{"href":"https:\/\/primerplanoirapuato.com\/index.php\/wp-json\/wp\/v2\/types\/post"}],"author":[{"embeddable":true,"href":"https:\/\/primerplanoirapuato.com\/index.php\/wp-json\/wp\/v2\/users\/1"}],"replies":[{"embeddable":true,"href":"https:\/\/primerplanoirapuato.com\/index.php\/wp-json\/wp\/v2\/comments?post=13639"}],"version-history":[{"count":1,"href":"https:\/\/primerplanoirapuato.com\/index.php\/wp-json\/wp\/v2\/posts\/13639\/revisions"}],"predecessor-version":[{"id":13641,"href":"https:\/\/primerplanoirapuato.com\/index.php\/wp-json\/wp\/v2\/posts\/13639\/revisions\/13641"}],"wp:featuredmedia":[{"embeddable":true,"href":"https:\/\/primerplanoirapuato.com\/index.php\/wp-json\/wp\/v2\/media\/13640"}],"wp:attachment":[{"href":"https:\/\/primerplanoirapuato.com\/index.php\/wp-json\/wp\/v2\/media?parent=13639"}],"wp:term":[{"taxonomy":"category","embeddable":true,"href":"https:\/\/primerplanoirapuato.com\/index.php\/wp-json\/wp\/v2\/categories?post=13639"},{"taxonomy":"post_tag","embeddable":true,"href":"https:\/\/primerplanoirapuato.com\/index.php\/wp-json\/wp\/v2\/tags?post=13639"}],"curies":[{"name":"wp","href":"https:\/\/api.w.org\/{rel}","templated":true}]}}