{"id":13630,"date":"2026-04-29T18:50:50","date_gmt":"2026-04-29T18:50:50","guid":{"rendered":"https:\/\/primerplanoirapuato.com\/?p=13630"},"modified":"2026-04-29T18:50:50","modified_gmt":"2026-04-29T18:50:50","slug":"javier-perez-llama-a-la-prudencia-tras-operativo-que-dejo-nueve-policias-detenidos","status":"publish","type":"post","link":"https:\/\/primerplanoirapuato.com\/index.php\/2026\/04\/29\/javier-perez-llama-a-la-prudencia-tras-operativo-que-dejo-nueve-policias-detenidos\/","title":{"rendered":"Javier P\u00e9rez llama a la prudencia tras operativo que dej\u00f3 nueve polic\u00edas detenidos"},"content":{"rendered":"\n<p><strong>Luego del operativo realizado el s\u00e1bado en P\u00e9njamo, que deriv\u00f3 en la detenci\u00f3n de nueve polic\u00edas municipales, el regidor&nbsp;<\/strong><strong>Javier P\u00e9rez<\/strong><strong>&nbsp;fij\u00f3 postura en sesi\u00f3n de Ayuntamiento, donde pidi\u00f3 evitar especulaciones que afecten el desarrollo de la investigaci\u00f3n.<\/strong><\/p>\n\n\n\n<p><strong>El tambi\u00e9n presidente de la Comisi\u00f3n de Seguridad explic\u00f3 que la intervenci\u00f3n en la corporaci\u00f3n correspondi\u00f3 a una diligencia para la revisi\u00f3n de armamento y equipo de los elementos involucrados, misma que fue atendida por el comisario en turno.<\/strong><\/p>\n\n\n\n<p><strong>Durante su posicionamiento,&nbsp;<\/strong><strong>Javier P\u00e9rez<\/strong><strong>&nbsp;cuestion\u00f3 el manejo pol\u00edtico del tema por parte de algunos integrantes del Ayuntamiento, se\u00f1alando que este tipo de posturas pueden da\u00f1ar la imagen de la corporaci\u00f3n y del propio gobierno municipal.<\/strong><\/p>\n\n\n\n<p><strong>Asimismo, puso sobre la mesa antecedentes en la direcci\u00f3n de Seguridad P\u00fablica, al recordar que ya se ha contado con perfiles provenientes de la Guardia Nacional, incluido el actual comisario, quien cuenta con licencia para desempe\u00f1ar el cargo en el municipio.<\/strong><\/p>\n\n\n\n<p><strong>El regidor&nbsp;<\/strong><strong>Javier P\u00e9rez<\/strong><strong>&nbsp;enfatiz\u00f3 que la situaci\u00f3n debe manejarse con responsabilidad institucional, especialmente ante este tipo de hechos.<\/strong><\/p>\n","protected":false},"excerpt":{"rendered":"<p>Luego del operativo realizado el s\u00e1bado en P\u00e9njamo, que deriv\u00f3 en la detenci\u00f3n de nueve polic\u00edas municipales, el regidor&nbsp;Javier P\u00e9rez&nbsp;fij\u00f3 postura en sesi\u00f3n de Ayuntamiento, donde pidi\u00f3 evitar especulaciones que afecten el desarrollo de la investigaci\u00f3n. El tambi\u00e9n presidente de la Comisi\u00f3n de Seguridad explic\u00f3 que la intervenci\u00f3n en la corporaci\u00f3n correspondi\u00f3 a una diligencia&#8230;<\/p>\n","protected":false},"author":1,"featured_media":13629,"comment_status":"open","ping_status":"closed","sticky":false,"template":"","format":"standard","meta":{"footnotes":""},"categories":[9],"tags":[],"class_list":["post-13630","post","type-post","status-publish","format-standard","has-post-thumbnail","hentry","category-nacional"],"_links":{"self":[{"href":"https:\/\/primerplanoirapuato.com\/index.php\/wp-json\/wp\/v2\/posts\/13630","targetHints":{"allow":["GET"]}}],"collection":[{"href":"https:\/\/primerplanoirapuato.com\/index.php\/wp-json\/wp\/v2\/posts"}],"about":[{"href":"https:\/\/primerplanoirapuato.com\/index.php\/wp-json\/wp\/v2\/types\/post"}],"author":[{"embeddable":true,"href":"https:\/\/primerplanoirapuato.com\/index.php\/wp-json\/wp\/v2\/users\/1"}],"replies":[{"embeddable":true,"href":"https:\/\/primerplanoirapuato.com\/index.php\/wp-json\/wp\/v2\/comments?post=13630"}],"version-history":[{"count":1,"href":"https:\/\/primerplanoirapuato.com\/index.php\/wp-json\/wp\/v2\/posts\/13630\/revisions"}],"predecessor-version":[{"id":13631,"href":"https:\/\/primerplanoirapuato.com\/index.php\/wp-json\/wp\/v2\/posts\/13630\/revisions\/13631"}],"wp:featuredmedia":[{"embeddable":true,"href":"https:\/\/primerplanoirapuato.com\/index.php\/wp-json\/wp\/v2\/media\/13629"}],"wp:attachment":[{"href":"https:\/\/primerplanoirapuato.com\/index.php\/wp-json\/wp\/v2\/media?parent=13630"}],"wp:term":[{"taxonomy":"category","embeddable":true,"href":"https:\/\/primerplanoirapuato.com\/index.php\/wp-json\/wp\/v2\/categories?post=13630"},{"taxonomy":"post_tag","embeddable":true,"href":"https:\/\/primerplanoirapuato.com\/index.php\/wp-json\/wp\/v2\/tags?post=13630"}],"curies":[{"name":"wp","href":"https:\/\/api.w.org\/{rel}","templated":true}]}}