{"id":13569,"date":"2026-04-27T23:24:15","date_gmt":"2026-04-27T23:24:15","guid":{"rendered":"https:\/\/primerplanoirapuato.com\/?p=13569"},"modified":"2026-04-27T23:24:15","modified_gmt":"2026-04-27T23:24:15","slug":"protegen-a-la-industria-del-calzado-con-su-exclusion-del-recinto-fiscalizado-estrategico","status":"publish","type":"post","link":"https:\/\/primerplanoirapuato.com\/index.php\/2026\/04\/27\/protegen-a-la-industria-del-calzado-con-su-exclusion-del-recinto-fiscalizado-estrategico\/","title":{"rendered":"Protegen a la industria del calzado con su exclusi\u00f3n del Recinto Fiscalizado Estrat\u00e9gico."},"content":{"rendered":"\n<p>En un esfuerzo conjunto, el Gobierno del Estado y el Gobierno Federal dan pasos firmes en la defensa de la industria del calzado en Guanajuato. Este d\u00eda, autoridades estatales, federales, municipales y representantes del sector productivo anunciaron la exclusi\u00f3n del sector calzado del r\u00e9gimen de Recinto Fiscalizado Estrat\u00e9gico, una medida que fortalece la competitividad de la industria y protege los empleos de miles de familias guanajuatenses.<\/p>\n\n\n\n<p>Este anuncio representa el resultado de meses de di\u00e1logo, an\u00e1lisis t\u00e9cnico y trabajo coordinado entre la industria y los distintos \u00f3rdenes de gobierno, quienes han sumado esfuerzos para atender una de las principales demandas del sector y garantizar condiciones m\u00e1s justas para las y los productores.<\/p>\n\n\n\n<p>La Gobernadora del Estado, Libia Dennise Garc\u00eda Mu\u00f1oz Ledo, reconoci\u00f3 la disposici\u00f3n del Gobierno Federal y reiter\u00f3 el compromiso de seguir trabajando en equipo para defender a una industria que da identidad, empleo y desarrollo a Guanajuato.<\/p>\n\n\n\n<p>\u201cEs unidos, haciendo equipo, como podemos lograr que las cosas pasen para la industria que tanta identidad le genera a nuestro estado. Desde el primer momento acompa\u00f1amos este gran esfuerzo de defender al sector del calzado en Guanajuato\u201d, enfatiz\u00f3 la Gobernadora.<\/p>\n\n\n\n<p>La Mandataria, quien estuvo acompa\u00f1ada por la Presidenta Municipal, Alejandra Guti\u00e9rrez Campos, agradeci\u00f3 la apertura y disposici\u00f3n del Gobierno Federal para escuchar a la industria y construir soluciones conjuntas. \u201cHoy le decimos a la industria y a la gente trabajadora de Guanajuato que aqu\u00ed tienen a un gobierno que seguir\u00e1 siendo gestor y vocero, trabajando de la mano con la Federaci\u00f3n para impulsar este sector que da identidad a nuestro estado\u201d.<\/p>\n\n\n\n<p>Asimismo, destac\u00f3 que, aunque se avanza en la protecci\u00f3n del sector, el trabajo continuar\u00e1 para garantizar que estas medidas se reflejen en la operaci\u00f3n diaria de las aduanas y en condiciones reales de competencia.<\/p>\n\n\n\n<p>El presidente de la C\u00e1mara de la Industria del Calzado del Estado de Guanajuato (CICEG) y de la C\u00e1mara de la Industria Nacional del Calzado (CANAICAL), Juan Carlos Cashat Usabiaga, explic\u00f3 que esta medida permitir\u00e1 frenar el uso indebido de esquemas aduaneros que facilitaban la entrada irregular de calzado al pa\u00eds, afectando directamente a la industria nacional.<\/p>\n\n\n\n<p>Detall\u00f3 que entre 2023 y 2025 se registr\u00f3 un incremento cercano al 1,999.93 por ciento en el ingreso de calzado ilegal, una situaci\u00f3n que no correspond\u00eda al comportamiento normal del mercado.<\/p>\n\n\n\n<p>\u201cEste es un freno muy a tiempo. La exclusi\u00f3n del calzado de este r\u00e9gimen es indispensable para defender los empleos y la competitividad de nuestra industria\u201d, dijo Cashat Usabiaga.<\/p>\n\n\n\n<p>La Presidenta Municipal de Le\u00f3n, Alejandra Guti\u00e9rrez, reconoci\u00f3 el esfuerzo del sector y subray\u00f3 que la industria del calzado forma parte del ADN de la ciudad y del estado. \u201cHoy estamos dando un paso firme hacia un piso parejo. Este problema no es nuevo, pero hoy vemos voluntad para atenderlo y trabajar en conjunto por la industria que ha puesto a Le\u00f3n en los ojos del mundo\u201d.<\/p>\n\n\n\n<p>En representaci\u00f3n de la Secretar\u00eda de Econom\u00eda del Gobierno de M\u00e9xico, Jes\u00fas Alberto Hern\u00e1ndez Aguirre, destac\u00f3 que el fortalecimiento de la industria del calzado es una prioridad nacional, por su impacto en el empleo y en la econom\u00eda regional.<\/p>\n\n\n\n<p>\u201cLa industria del calzado es una actividad estrat\u00e9gica, intensiva en empleo y con profundo arraigo regional. Las puertas de la Secretar\u00eda de Econom\u00eda est\u00e1n abiertas para seguir trabajando de la mano con este sector\u201d.<\/p>\n\n\n\n<p>La exclusi\u00f3n del calzado del r\u00e9gimen de Recinto Fiscalizado Estrat\u00e9gico representa un paso importante para proteger la industria local, defender los empleos y fortalecer el crecimiento econ\u00f3mico del estado.<\/p>\n","protected":false},"excerpt":{"rendered":"<p>En un esfuerzo conjunto, el Gobierno del Estado y el Gobierno Federal dan pasos firmes en la defensa de la industria del calzado en Guanajuato. Este d\u00eda, autoridades estatales, federales, municipales y representantes del sector productivo anunciaron la exclusi\u00f3n del sector calzado del r\u00e9gimen de Recinto Fiscalizado Estrat\u00e9gico, una medida que fortalece la competitividad de&#8230;<\/p>\n","protected":false},"author":1,"featured_media":13570,"comment_status":"open","ping_status":"closed","sticky":false,"template":"","format":"standard","meta":{"footnotes":""},"categories":[6],"tags":[],"class_list":["post-13569","post","type-post","status-publish","format-standard","has-post-thumbnail","hentry","category-estatal"],"_links":{"self":[{"href":"https:\/\/primerplanoirapuato.com\/index.php\/wp-json\/wp\/v2\/posts\/13569","targetHints":{"allow":["GET"]}}],"collection":[{"href":"https:\/\/primerplanoirapuato.com\/index.php\/wp-json\/wp\/v2\/posts"}],"about":[{"href":"https:\/\/primerplanoirapuato.com\/index.php\/wp-json\/wp\/v2\/types\/post"}],"author":[{"embeddable":true,"href":"https:\/\/primerplanoirapuato.com\/index.php\/wp-json\/wp\/v2\/users\/1"}],"replies":[{"embeddable":true,"href":"https:\/\/primerplanoirapuato.com\/index.php\/wp-json\/wp\/v2\/comments?post=13569"}],"version-history":[{"count":1,"href":"https:\/\/primerplanoirapuato.com\/index.php\/wp-json\/wp\/v2\/posts\/13569\/revisions"}],"predecessor-version":[{"id":13571,"href":"https:\/\/primerplanoirapuato.com\/index.php\/wp-json\/wp\/v2\/posts\/13569\/revisions\/13571"}],"wp:featuredmedia":[{"embeddable":true,"href":"https:\/\/primerplanoirapuato.com\/index.php\/wp-json\/wp\/v2\/media\/13570"}],"wp:attachment":[{"href":"https:\/\/primerplanoirapuato.com\/index.php\/wp-json\/wp\/v2\/media?parent=13569"}],"wp:term":[{"taxonomy":"category","embeddable":true,"href":"https:\/\/primerplanoirapuato.com\/index.php\/wp-json\/wp\/v2\/categories?post=13569"},{"taxonomy":"post_tag","embeddable":true,"href":"https:\/\/primerplanoirapuato.com\/index.php\/wp-json\/wp\/v2\/tags?post=13569"}],"curies":[{"name":"wp","href":"https:\/\/api.w.org\/{rel}","templated":true}]}}