{"id":13566,"date":"2026-04-27T19:39:33","date_gmt":"2026-04-27T19:39:33","guid":{"rendered":"https:\/\/primerplanoirapuato.com\/?p=13566"},"modified":"2026-04-27T19:39:33","modified_gmt":"2026-04-27T19:39:33","slug":"urge-alcaldesa-de-irapuato-atencion-federal-a-carreteras-deterioradas","status":"publish","type":"post","link":"https:\/\/primerplanoirapuato.com\/index.php\/2026\/04\/27\/urge-alcaldesa-de-irapuato-atencion-federal-a-carreteras-deterioradas\/","title":{"rendered":"Urge Alcaldesa de Irapuato atenci\u00f3n federal a carreteras deterioradas"},"content":{"rendered":"\n<p>La alcaldesa de Irapuato, Lorena Alfaro Garc\u00eda, hizo un llamado a autoridades federales para intervenir en el evidente deterioro de diversas carreteras que atraviesan el municipio.<\/p>\n\n\n\n<p>La presidenta municipal se\u00f1al\u00f3 que las afectaciones se concentran en tramos como las carreteras 90 y 45, adem\u00e1s del libramiento sur, considerados fundamentales para la conectividad regional.<\/p>\n\n\n\n<p>Subray\u00f3 que, independientemente de concesiones, estas v\u00edas son de car\u00e1cter federal, por lo que su mantenimiento corresponde a instancias nacionales.<\/p>\n\n\n\n<p>Alfaro Garc\u00eda indic\u00f3 que el gobierno municipal ha insistido en m\u00faltiples ocasiones mediante gestiones formales a la Secretar\u00eda de Infraestructura, Conectividad y Movilidad para que se atienda la problem\u00e1tica, sin obtener respuesta efectiva.<\/p>\n\n\n\n<p>Explic\u00f3 que esta situaci\u00f3n impacta directamente en la movilidad diaria de los ciudadanos, as\u00ed como en la seguridad vial.<\/p>\n\n\n\n<p>Tambi\u00e9n advirti\u00f3 que el estado de las carreteras genera una percepci\u00f3n negativa entre visitantes y usuarios que transitan por la ciudad.<\/p>\n\n\n\n<p>La alcaldesa sostuvo que el objetivo no es deslindar responsabilidades, sino lograr una intervenci\u00f3n oportuna de las autoridades correspondientes.<\/p>\n\n\n\n<p>Finalmente, reiter\u00f3 que es urgente atender estas vialidades, ya que su deterioro afecta tanto la imagen urbana como el desarrollo de Irapuato.<\/p>\n","protected":false},"excerpt":{"rendered":"<p>La alcaldesa de Irapuato, Lorena Alfaro Garc\u00eda, hizo un llamado a autoridades federales para intervenir en el evidente deterioro de diversas carreteras que atraviesan el municipio. La presidenta municipal se\u00f1al\u00f3 que las afectaciones se concentran en tramos como las carreteras 90 y 45, adem\u00e1s del libramiento sur, considerados fundamentales para la conectividad regional. Subray\u00f3 que,&#8230;<\/p>\n","protected":false},"author":1,"featured_media":13567,"comment_status":"open","ping_status":"closed","sticky":false,"template":"","format":"standard","meta":{"footnotes":""},"categories":[8],"tags":[],"class_list":["post-13566","post","type-post","status-publish","format-standard","has-post-thumbnail","hentry","category-irapuato"],"_links":{"self":[{"href":"https:\/\/primerplanoirapuato.com\/index.php\/wp-json\/wp\/v2\/posts\/13566","targetHints":{"allow":["GET"]}}],"collection":[{"href":"https:\/\/primerplanoirapuato.com\/index.php\/wp-json\/wp\/v2\/posts"}],"about":[{"href":"https:\/\/primerplanoirapuato.com\/index.php\/wp-json\/wp\/v2\/types\/post"}],"author":[{"embeddable":true,"href":"https:\/\/primerplanoirapuato.com\/index.php\/wp-json\/wp\/v2\/users\/1"}],"replies":[{"embeddable":true,"href":"https:\/\/primerplanoirapuato.com\/index.php\/wp-json\/wp\/v2\/comments?post=13566"}],"version-history":[{"count":1,"href":"https:\/\/primerplanoirapuato.com\/index.php\/wp-json\/wp\/v2\/posts\/13566\/revisions"}],"predecessor-version":[{"id":13568,"href":"https:\/\/primerplanoirapuato.com\/index.php\/wp-json\/wp\/v2\/posts\/13566\/revisions\/13568"}],"wp:featuredmedia":[{"embeddable":true,"href":"https:\/\/primerplanoirapuato.com\/index.php\/wp-json\/wp\/v2\/media\/13567"}],"wp:attachment":[{"href":"https:\/\/primerplanoirapuato.com\/index.php\/wp-json\/wp\/v2\/media?parent=13566"}],"wp:term":[{"taxonomy":"category","embeddable":true,"href":"https:\/\/primerplanoirapuato.com\/index.php\/wp-json\/wp\/v2\/categories?post=13566"},{"taxonomy":"post_tag","embeddable":true,"href":"https:\/\/primerplanoirapuato.com\/index.php\/wp-json\/wp\/v2\/tags?post=13566"}],"curies":[{"name":"wp","href":"https:\/\/api.w.org\/{rel}","templated":true}]}}