{"id":13555,"date":"2026-04-26T20:27:12","date_gmt":"2026-04-26T20:27:12","guid":{"rendered":"https:\/\/primerplanoirapuato.com\/?p=13555"},"modified":"2026-04-26T20:27:12","modified_gmt":"2026-04-26T20:27:12","slug":"obispo-de-irapuato-advierte-crisis-de-confianza-tras-detencion-de-policias-en-penjamo","status":"publish","type":"post","link":"https:\/\/primerplanoirapuato.com\/index.php\/2026\/04\/26\/obispo-de-irapuato-advierte-crisis-de-confianza-tras-detencion-de-policias-en-penjamo\/","title":{"rendered":"Obispo de Irapuato advierte crisis de confianza tras detenci\u00f3n de polic\u00edas en P\u00e9njamo"},"content":{"rendered":"\n<p>Tras la detenci\u00f3n de ocho polic\u00edas municipales de P\u00e9njamo, presuntamente vinculados con hechos delictivos, el obispo de la Di\u00f3cesis de Irapuato, Enrique D\u00edaz D\u00edaz, se\u00f1al\u00f3 que la situaci\u00f3n representa un riesgo serio y un golpe para la confianza social.<\/p>\n\n\n\n<p>Durante su conferencia dominical, el l\u00edder religioso expres\u00f3 su preocupaci\u00f3n por el impacto que este tipo de casos genera en la percepci\u00f3n ciudadana, al tratarse de servidores p\u00fablicos encargados de la seguridad.<\/p>\n\n\n\n<p>Indic\u00f3 que uno de los principales problemas que se desprenden de estos hechos es la desconfianza hacia las autoridades, lo que inhibe la denuncia y debilita la relaci\u00f3n entre ciudadan\u00eda y gobierno.<\/p>\n\n\n\n<p>D\u00edaz D\u00edaz puntualiz\u00f3 que no corresponde emitir juicios anticipados sobre los elementos detenidos, y subray\u00f3 que ser\u00e1n las investigaciones las que determinen su responsabilidad legal.<\/p>\n\n\n\n<p><\/p>\n","protected":false},"excerpt":{"rendered":"<p>Tras la detenci\u00f3n de ocho polic\u00edas municipales de P\u00e9njamo, presuntamente vinculados con hechos delictivos, el obispo de la Di\u00f3cesis de Irapuato, Enrique D\u00edaz D\u00edaz, se\u00f1al\u00f3 que la situaci\u00f3n representa un riesgo serio y un golpe para la confianza social. Durante su conferencia dominical, el l\u00edder religioso expres\u00f3 su preocupaci\u00f3n por el impacto que este tipo&#8230;<\/p>\n","protected":false},"author":1,"featured_media":13534,"comment_status":"open","ping_status":"closed","sticky":false,"template":"","format":"standard","meta":{"footnotes":""},"categories":[8],"tags":[],"class_list":["post-13555","post","type-post","status-publish","format-standard","has-post-thumbnail","hentry","category-irapuato"],"_links":{"self":[{"href":"https:\/\/primerplanoirapuato.com\/index.php\/wp-json\/wp\/v2\/posts\/13555","targetHints":{"allow":["GET"]}}],"collection":[{"href":"https:\/\/primerplanoirapuato.com\/index.php\/wp-json\/wp\/v2\/posts"}],"about":[{"href":"https:\/\/primerplanoirapuato.com\/index.php\/wp-json\/wp\/v2\/types\/post"}],"author":[{"embeddable":true,"href":"https:\/\/primerplanoirapuato.com\/index.php\/wp-json\/wp\/v2\/users\/1"}],"replies":[{"embeddable":true,"href":"https:\/\/primerplanoirapuato.com\/index.php\/wp-json\/wp\/v2\/comments?post=13555"}],"version-history":[{"count":1,"href":"https:\/\/primerplanoirapuato.com\/index.php\/wp-json\/wp\/v2\/posts\/13555\/revisions"}],"predecessor-version":[{"id":13556,"href":"https:\/\/primerplanoirapuato.com\/index.php\/wp-json\/wp\/v2\/posts\/13555\/revisions\/13556"}],"wp:featuredmedia":[{"embeddable":true,"href":"https:\/\/primerplanoirapuato.com\/index.php\/wp-json\/wp\/v2\/media\/13534"}],"wp:attachment":[{"href":"https:\/\/primerplanoirapuato.com\/index.php\/wp-json\/wp\/v2\/media?parent=13555"}],"wp:term":[{"taxonomy":"category","embeddable":true,"href":"https:\/\/primerplanoirapuato.com\/index.php\/wp-json\/wp\/v2\/categories?post=13555"},{"taxonomy":"post_tag","embeddable":true,"href":"https:\/\/primerplanoirapuato.com\/index.php\/wp-json\/wp\/v2\/tags?post=13555"}],"curies":[{"name":"wp","href":"https:\/\/api.w.org\/{rel}","templated":true}]}}