{"id":13548,"date":"2026-04-26T03:24:20","date_gmt":"2026-04-26T03:24:20","guid":{"rendered":"https:\/\/primerplanoirapuato.com\/?p=13548"},"modified":"2026-04-26T03:24:20","modified_gmt":"2026-04-26T03:24:20","slug":"penjamo-celebra-el-dia-internacional-de-la-danza-con-viva-la-danza-2026","status":"publish","type":"post","link":"https:\/\/primerplanoirapuato.com\/index.php\/2026\/04\/26\/penjamo-celebra-el-dia-internacional-de-la-danza-con-viva-la-danza-2026\/","title":{"rendered":"P\u00c9NJAMO CELEBRA EL D\u00cdA INTERNACIONAL DE LA DANZA CON \u201cVIVA LA DANZA 2026\u201d"},"content":{"rendered":"\n<p>El Jard\u00edn Ana Mar\u00eda Gallaga se llen\u00f3 de ritmo y expresi\u00f3n durante \u201cViva la Danza 2026\u201d, evento realizado en el marco del D\u00eda Internacional de la Danza.<\/p>\n\n\n\n<p>Decenas de familias disfrutaron de presentaciones de danza contempor\u00e1nea, cl\u00e1sica, moderna, prehisp\u00e1nica y urbana, a cargo de academias y grupos locales.<\/p>\n\n\n\n<p>La jornada, organizada con apoyo de la Casa de la Cultura Plazuelas, destac\u00f3 el talento y la riqueza cultural del municipio, consolidando este encuentro como un espacio de identidad y convivencia.<\/p>\n","protected":false},"excerpt":{"rendered":"<p>El Jard\u00edn Ana Mar\u00eda Gallaga se llen\u00f3 de ritmo y expresi\u00f3n durante \u201cViva la Danza 2026\u201d, evento realizado en el marco del D\u00eda Internacional de la Danza. Decenas de familias disfrutaron de presentaciones de danza contempor\u00e1nea, cl\u00e1sica, moderna, prehisp\u00e1nica y urbana, a cargo de academias y grupos locales. La jornada, organizada con apoyo de la&#8230;<\/p>\n","protected":false},"author":1,"featured_media":13549,"comment_status":"open","ping_status":"closed","sticky":false,"template":"","format":"standard","meta":{"footnotes":""},"categories":[9],"tags":[],"class_list":["post-13548","post","type-post","status-publish","format-standard","has-post-thumbnail","hentry","category-nacional"],"_links":{"self":[{"href":"https:\/\/primerplanoirapuato.com\/index.php\/wp-json\/wp\/v2\/posts\/13548","targetHints":{"allow":["GET"]}}],"collection":[{"href":"https:\/\/primerplanoirapuato.com\/index.php\/wp-json\/wp\/v2\/posts"}],"about":[{"href":"https:\/\/primerplanoirapuato.com\/index.php\/wp-json\/wp\/v2\/types\/post"}],"author":[{"embeddable":true,"href":"https:\/\/primerplanoirapuato.com\/index.php\/wp-json\/wp\/v2\/users\/1"}],"replies":[{"embeddable":true,"href":"https:\/\/primerplanoirapuato.com\/index.php\/wp-json\/wp\/v2\/comments?post=13548"}],"version-history":[{"count":1,"href":"https:\/\/primerplanoirapuato.com\/index.php\/wp-json\/wp\/v2\/posts\/13548\/revisions"}],"predecessor-version":[{"id":13550,"href":"https:\/\/primerplanoirapuato.com\/index.php\/wp-json\/wp\/v2\/posts\/13548\/revisions\/13550"}],"wp:featuredmedia":[{"embeddable":true,"href":"https:\/\/primerplanoirapuato.com\/index.php\/wp-json\/wp\/v2\/media\/13549"}],"wp:attachment":[{"href":"https:\/\/primerplanoirapuato.com\/index.php\/wp-json\/wp\/v2\/media?parent=13548"}],"wp:term":[{"taxonomy":"category","embeddable":true,"href":"https:\/\/primerplanoirapuato.com\/index.php\/wp-json\/wp\/v2\/categories?post=13548"},{"taxonomy":"post_tag","embeddable":true,"href":"https:\/\/primerplanoirapuato.com\/index.php\/wp-json\/wp\/v2\/tags?post=13548"}],"curies":[{"name":"wp","href":"https:\/\/api.w.org\/{rel}","templated":true}]}}