{"id":13540,"date":"2026-04-25T17:55:39","date_gmt":"2026-04-25T17:55:39","guid":{"rendered":"https:\/\/primerplanoirapuato.com\/?p=13540"},"modified":"2026-04-25T17:56:14","modified_gmt":"2026-04-25T17:56:14","slug":"gobierno-de-penjamo-colabora-con-autoridades-tras-operativo-en-cuartel-policial","status":"publish","type":"post","link":"https:\/\/primerplanoirapuato.com\/index.php\/2026\/04\/25\/gobierno-de-penjamo-colabora-con-autoridades-tras-operativo-en-cuartel-policial\/","title":{"rendered":"Gobierno de P\u00e9njamo colabora con autoridades tras operativo en cuartel policial"},"content":{"rendered":"\n<p>La ma\u00f1ana de este s\u00e1bado se llev\u00f3 a cabo un operativo coordinado por fuerzas estatales y federales en las instalaciones del cuartel de la Polic\u00eda Municipal.<\/p>\n\n\n\n<p>Durante la intervenci\u00f3n, el Gobierno Municipal inform\u00f3 que brind\u00f3 todas las facilidades necesarias para el desarrollo de las diligencias encabezadas por la Fiscal\u00eda General del Estado.<\/p>\n\n\n\n<p>Las autoridades locales se\u00f1alaron que estas acciones se realizaron en apego a los marcos legales correspondientes y con plena disposici\u00f3n institucional.<\/p>\n\n\n\n<p>Asimismo, se destac\u00f3 que el despliegue no interrumpi\u00f3 la operatividad de la corporaci\u00f3n municipal en ning\u00fan momento.<\/p>\n\n\n\n<p>Los servicios de vigilancia y la presencia policial continuaron activos en los distintos sectores del municipio, manteniendo la atenci\u00f3n a la ciudadan\u00eda.<\/p>\n\n\n\n<p>El Gobierno Municipal reiter\u00f3 su disposici\u00f3n de colaborar con las autoridades competentes y refrend\u00f3 su compromiso con la legalidad, la transparencia y la seguridad.<\/p>\n","protected":false},"excerpt":{"rendered":"<p>La ma\u00f1ana de este s\u00e1bado se llev\u00f3 a cabo un operativo coordinado por fuerzas estatales y federales en las instalaciones del cuartel de la Polic\u00eda Municipal. Durante la intervenci\u00f3n, el Gobierno Municipal inform\u00f3 que brind\u00f3 todas las facilidades necesarias para el desarrollo de las diligencias encabezadas por la Fiscal\u00eda General del Estado. Las autoridades locales&#8230;<\/p>\n","protected":false},"author":1,"featured_media":13542,"comment_status":"open","ping_status":"closed","sticky":false,"template":"","format":"standard","meta":{"footnotes":""},"categories":[9],"tags":[],"class_list":["post-13540","post","type-post","status-publish","format-standard","has-post-thumbnail","hentry","category-nacional"],"_links":{"self":[{"href":"https:\/\/primerplanoirapuato.com\/index.php\/wp-json\/wp\/v2\/posts\/13540","targetHints":{"allow":["GET"]}}],"collection":[{"href":"https:\/\/primerplanoirapuato.com\/index.php\/wp-json\/wp\/v2\/posts"}],"about":[{"href":"https:\/\/primerplanoirapuato.com\/index.php\/wp-json\/wp\/v2\/types\/post"}],"author":[{"embeddable":true,"href":"https:\/\/primerplanoirapuato.com\/index.php\/wp-json\/wp\/v2\/users\/1"}],"replies":[{"embeddable":true,"href":"https:\/\/primerplanoirapuato.com\/index.php\/wp-json\/wp\/v2\/comments?post=13540"}],"version-history":[{"count":1,"href":"https:\/\/primerplanoirapuato.com\/index.php\/wp-json\/wp\/v2\/posts\/13540\/revisions"}],"predecessor-version":[{"id":13541,"href":"https:\/\/primerplanoirapuato.com\/index.php\/wp-json\/wp\/v2\/posts\/13540\/revisions\/13541"}],"wp:featuredmedia":[{"embeddable":true,"href":"https:\/\/primerplanoirapuato.com\/index.php\/wp-json\/wp\/v2\/media\/13542"}],"wp:attachment":[{"href":"https:\/\/primerplanoirapuato.com\/index.php\/wp-json\/wp\/v2\/media?parent=13540"}],"wp:term":[{"taxonomy":"category","embeddable":true,"href":"https:\/\/primerplanoirapuato.com\/index.php\/wp-json\/wp\/v2\/categories?post=13540"},{"taxonomy":"post_tag","embeddable":true,"href":"https:\/\/primerplanoirapuato.com\/index.php\/wp-json\/wp\/v2\/tags?post=13540"}],"curies":[{"name":"wp","href":"https:\/\/api.w.org\/{rel}","templated":true}]}}